{"id":238677,"date":"2025-12-16T10:35:08","date_gmt":"2025-12-16T17:35:08","guid":{"rendered":"https:\/\/rnoticias.com.mx\/Portal\/?p=238677"},"modified":"2025-12-16T10:35:08","modified_gmt":"2025-12-16T17:35:08","slug":"inicia-registro-de-tallas-de-uniformes-escolares-para-el-ciclo-2026-2027","status":"publish","type":"post","link":"https:\/\/rnoticias.com.mx\/Portal\/2025\/12\/16\/inicia-registro-de-tallas-de-uniformes-escolares-para-el-ciclo-2026-2027\/","title":{"rendered":"Inicia registro de tallas de uniformes escolares para el ciclo 2026-2027"},"content":{"rendered":"<p>Hermosillo, Sonora; 16 de diciembre de 2025.- El lunes 15 de diciembre inici\u00f3 el per\u00edodo de actualizaci\u00f3n de las tallas de los uniformes escolares gratuitos que recibir\u00e1 el alumnado antes del inicio del ciclo 2026-2027, por lo que la Secretar\u00eda de Educaci\u00f3n y Cultura (SEC) invit\u00f3 a completar dicho proceso, como parte de las acciones del Gobierno de Sonora.<\/p>\n<p>El titular de la SEC, Froyl\u00e1n G\u00e1mez Gamboa, detall\u00f3 que la fecha l\u00edmite para llevar a cabo dicha actividad es el 15 de enero y resalt\u00f3 la importancia de este proceso, ya que permitir\u00e1 contar con informaci\u00f3n precisa para llevar a cabo la licitaci\u00f3n correspondiente para la adquisici\u00f3n de los uniformes.<\/p>\n<p>Padres y madres de familia, as\u00ed como tutores, deben ingresar al portal\u00a0<a href=\"https:\/\/yoremia.gob.mx\/\" target=\"_blank\" rel=\"noopener\" data-saferedirecturl=\"https:\/\/www.google.com\/url?q=https:\/\/yoremia.gob.mx\/&amp;source=gmail&amp;ust=1765992710216000&amp;usg=AOvVaw2dd-2dOj6v72TnVzfvp95L\">https:\/\/yoremia.gob.mx\/<\/a>\u00a0y especificar el tama\u00f1o de cada una de las prendas, considerando el crecimiento natural de ni\u00f1as, ni\u00f1os y adolescentes, ya que los paquetes ser\u00e1n distribuidos previo al arranque del pr\u00f3ximo ciclo.<\/p>\n<p>Subray\u00f3 que se trata de un proceso \u00e1gil y sencillo, para el cual solo se necesita acceder a dicho portal, dar clic en la imagen correspondiente a la actualizaci\u00f3n de tallas, escribir la CURP del estudiante, seleccionar en las ventanas la talla de cada prenda seg\u00fan el grado escolar, proporcionar datos del padre, madre o tutor, a\u00f1adir una identificaci\u00f3n oficial y, una vez realizado lo anterior, dar clic al bot\u00f3n \u201cAceptar\u201d para finalizar el registro.<\/p>\n<p>El funcionario estatal aclar\u00f3 que el alumnado de nuevo ingreso o aquellos que se cambiar\u00e1n de una instituci\u00f3n privada a p\u00fablica podr\u00e1n realizar este proceso a partir de febrero, durante las Inscripciones Anticipadas.<\/p>\n<p>La L\u00ednea de la Educaci\u00f3n 6622 89 76 01 al 05 estar\u00e1 a disposici\u00f3n para aclarar cualquier duda y brindar orientaci\u00f3n.<\/p>\n","protected":false},"excerpt":{"rendered":"<p>Hermosillo, Sonora; 16 de diciembre de 2025.- El lunes 15 de diciembre inici\u00f3 el per\u00edodo de actualizaci\u00f3n de las tallas de los uniformes escolares gratuitos que recibir\u00e1 el alumnado antes del inicio del ciclo 2026-2027, por lo que la Secretar\u00eda de Educaci\u00f3n y Cultura (SEC) invit\u00f3 a completar dicho proceso, como parte de las acciones [&hellip;]<\/p>\n","protected":false},"author":2,"featured_media":238678,"comment_status":"closed","ping_status":"closed","sticky":false,"template":"","format":"standard","meta":{"footnotes":""},"categories":[12870,178],"tags":[12865,12869],"class_list":["post-238677","post","type-post","status-publish","format-standard","has-post-thumbnail","hentry","category-destacadas","category-local","tag-destacadas","tag-local"],"jetpack_featured_media_url":"https:\/\/rnoticias.com.mx\/Portal\/wp-content\/uploads\/2025\/12\/unnamed-2-11.jpg","amp_enabled":true,"_links":{"self":[{"href":"https:\/\/rnoticias.com.mx\/Portal\/wp-json\/wp\/v2\/posts\/238677","targetHints":{"allow":["GET"]}}],"collection":[{"href":"https:\/\/rnoticias.com.mx\/Portal\/wp-json\/wp\/v2\/posts"}],"about":[{"href":"https:\/\/rnoticias.com.mx\/Portal\/wp-json\/wp\/v2\/types\/post"}],"author":[{"embeddable":true,"href":"https:\/\/rnoticias.com.mx\/Portal\/wp-json\/wp\/v2\/users\/2"}],"replies":[{"embeddable":true,"href":"https:\/\/rnoticias.com.mx\/Portal\/wp-json\/wp\/v2\/comments?post=238677"}],"version-history":[{"count":1,"href":"https:\/\/rnoticias.com.mx\/Portal\/wp-json\/wp\/v2\/posts\/238677\/revisions"}],"predecessor-version":[{"id":238679,"href":"https:\/\/rnoticias.com.mx\/Portal\/wp-json\/wp\/v2\/posts\/238677\/revisions\/238679"}],"wp:featuredmedia":[{"embeddable":true,"href":"https:\/\/rnoticias.com.mx\/Portal\/wp-json\/wp\/v2\/media\/238678"}],"wp:attachment":[{"href":"https:\/\/rnoticias.com.mx\/Portal\/wp-json\/wp\/v2\/media?parent=238677"}],"wp:term":[{"taxonomy":"category","embeddable":true,"href":"https:\/\/rnoticias.com.mx\/Portal\/wp-json\/wp\/v2\/categories?post=238677"},{"taxonomy":"post_tag","embeddable":true,"href":"https:\/\/rnoticias.com.mx\/Portal\/wp-json\/wp\/v2\/tags?post=238677"}],"curies":[{"name":"wp","href":"https:\/\/api.w.org\/{rel}","templated":true}]}}