{"id":238587,"date":"2025-12-15T21:41:47","date_gmt":"2025-12-16T04:41:47","guid":{"rendered":"https:\/\/rnoticias.com.mx\/Portal\/?p=238587"},"modified":"2025-12-15T21:41:47","modified_gmt":"2025-12-16T04:41:47","slug":"acceso-a-playas-sera-derecho-garantizado-por-ley-tras-dictamen-en-el-senado","status":"publish","type":"post","link":"https:\/\/rnoticias.com.mx\/Portal\/2025\/12\/15\/acceso-a-playas-sera-derecho-garantizado-por-ley-tras-dictamen-en-el-senado\/","title":{"rendered":"Acceso a playas ser\u00e1 derecho garantizado por ley tras dictamen en el Senado"},"content":{"rendered":"<p>La\u00a0<strong>Comisi\u00f3n de Turismo del Senado de la Rep\u00fablica<\/strong>\u00a0aprob\u00f3 el dictamen que plantea reformas para garantizar que las\u00a0<strong>playas mar\u00edtimas de M\u00e9xico<\/strong>\u00a0y la\u00a0<strong>zona federal mar\u00edtimo-terrestre contigua<\/strong>\u00a0sean siempre\u00a0<strong>libres, gratuitas y accesibles<\/strong>\u00a0para todas las personas, sin distinci\u00f3n de origen, nacionalidad o condici\u00f3n social.<\/p>\n<p>Durante la sesi\u00f3n, el senador\u00a0<strong>Eugenio Segura<\/strong>,\u00a0<strong>presidente de la comisi\u00f3n<\/strong>, explic\u00f3 que el dictamen respeta la\u00a0<strong>propiedad privada<\/strong>, pero refuerza el mandato legal: donde\u00a0<strong>no exista una v\u00eda p\u00fablica hacia una playa<\/strong>, el acceso ser\u00e1\u00a0<strong>obligatorio por ley<\/strong>. Esta medida ofrece\u00a0<strong>certeza jur\u00eddica<\/strong>, pues actualmente las playas son\u00a0<strong>bienes de dominio p\u00fablico<\/strong>, de\u00a0<strong>uso com\u00fan<\/strong>, que\u00a0<strong>no pueden ser privatizadas<\/strong>\u00a0ni restringidas por particulares.<\/p>\n<p>El dictamen incluye la creaci\u00f3n de un\u00a0<strong>Registro Nacional de Playas<\/strong>, que cruzar\u00e1 catastros municipales con la\u00a0<strong>zona federal mar\u00edtimo-terrestre<\/strong>, garantizando que los\u00a0<strong>accesos libres y gratuitos<\/strong>\u00a0est\u00e9n\u00a0<strong>claramente identificados<\/strong>\u00a0y transparentados. Adem\u00e1s, obliga a los\u00a0<strong>municipios<\/strong>\u00a0a inscribir dichos accesos en sus\u00a0<strong>catastros<\/strong>\u00a0y\u00a0<strong>Registros P\u00fablicos de la Propiedad<\/strong>, asegurando su\u00a0<strong>reconocimiento legal permanente<\/strong>.<\/p>\n<p>La reforma tambi\u00e9n proh\u00edbe cualquier\u00a0<strong>cobro, cuota o restricci\u00f3n<\/strong>\u00a0para ingresar a las playas, salvo en casos relacionados con\u00a0<strong>protecci\u00f3n ambiental<\/strong>,\u00a0<strong>seguridad p\u00fablica<\/strong>\u00a0o\u00a0<strong>inter\u00e9s nacional<\/strong>, priorizando as\u00ed el derecho constitucional de todas las personas a disfrutar de estos espacios naturales.<\/p>\n<p>El dictamen fue aprobado por\u00a0<strong>unanimidad<\/strong>\u00a0entre los integrantes de la Comisi\u00f3n de Turismo y representa un paso legislativo clave tras la\u00a0<strong>aprobaci\u00f3n previa en la C\u00e1mara de Diputados<\/strong>\u00a0de reformas similares que ya buscaban garantizar el\u00a0<strong>acceso p\u00fablico a las playas<\/strong>\u00a0y a las\u00a0<strong>\u00e1reas naturales protegidas<\/strong>\u00a0del pa\u00eds.<\/p>\n<p>De avanzar al Pleno con este apoyo, la ley podr\u00eda consolidar el derecho de la ciudadan\u00eda a acceder libremente a las\u00a0<strong>costas mexicanas<\/strong>, reforzando la protecci\u00f3n de los espacios p\u00fablicos y favoreciendo el\u00a0<strong>turismo comunitario<\/strong>.<\/p>\n","protected":false},"excerpt":{"rendered":"<p>La\u00a0Comisi\u00f3n de Turismo del Senado de la Rep\u00fablica\u00a0aprob\u00f3 el dictamen que plantea reformas para garantizar que las\u00a0playas mar\u00edtimas de M\u00e9xico\u00a0y la\u00a0zona federal mar\u00edtimo-terrestre contigua\u00a0sean siempre\u00a0libres, gratuitas y accesibles\u00a0para todas las personas, sin distinci\u00f3n de origen, nacionalidad o condici\u00f3n social. Durante la sesi\u00f3n, el senador\u00a0Eugenio Segura,\u00a0presidente de la comisi\u00f3n, explic\u00f3 que el dictamen respeta la\u00a0propiedad privada, [&hellip;]<\/p>\n","protected":false},"author":2,"featured_media":238588,"comment_status":"closed","ping_status":"closed","sticky":false,"template":"","format":"standard","meta":{"footnotes":""},"categories":[12870,172],"tags":[12865,12874],"class_list":["post-238587","post","type-post","status-publish","format-standard","has-post-thumbnail","hentry","category-destacadas","category-nacional","tag-destacadas","tag-nacional"],"jetpack_featured_media_url":"https:\/\/rnoticias.com.mx\/Portal\/wp-content\/uploads\/2025\/12\/2d2347d2d26f22a98a2a172d456ca876.webp","amp_enabled":true,"_links":{"self":[{"href":"https:\/\/rnoticias.com.mx\/Portal\/wp-json\/wp\/v2\/posts\/238587","targetHints":{"allow":["GET"]}}],"collection":[{"href":"https:\/\/rnoticias.com.mx\/Portal\/wp-json\/wp\/v2\/posts"}],"about":[{"href":"https:\/\/rnoticias.com.mx\/Portal\/wp-json\/wp\/v2\/types\/post"}],"author":[{"embeddable":true,"href":"https:\/\/rnoticias.com.mx\/Portal\/wp-json\/wp\/v2\/users\/2"}],"replies":[{"embeddable":true,"href":"https:\/\/rnoticias.com.mx\/Portal\/wp-json\/wp\/v2\/comments?post=238587"}],"version-history":[{"count":1,"href":"https:\/\/rnoticias.com.mx\/Portal\/wp-json\/wp\/v2\/posts\/238587\/revisions"}],"predecessor-version":[{"id":238589,"href":"https:\/\/rnoticias.com.mx\/Portal\/wp-json\/wp\/v2\/posts\/238587\/revisions\/238589"}],"wp:featuredmedia":[{"embeddable":true,"href":"https:\/\/rnoticias.com.mx\/Portal\/wp-json\/wp\/v2\/media\/238588"}],"wp:attachment":[{"href":"https:\/\/rnoticias.com.mx\/Portal\/wp-json\/wp\/v2\/media?parent=238587"}],"wp:term":[{"taxonomy":"category","embeddable":true,"href":"https:\/\/rnoticias.com.mx\/Portal\/wp-json\/wp\/v2\/categories?post=238587"},{"taxonomy":"post_tag","embeddable":true,"href":"https:\/\/rnoticias.com.mx\/Portal\/wp-json\/wp\/v2\/tags?post=238587"}],"curies":[{"name":"wp","href":"https:\/\/api.w.org\/{rel}","templated":true}]}}