{"id":238584,"date":"2025-12-15T21:40:16","date_gmt":"2025-12-16T04:40:16","guid":{"rendered":"https:\/\/rnoticias.com.mx\/Portal\/?p=238584"},"modified":"2025-12-15T21:40:16","modified_gmt":"2025-12-16T04:40:16","slug":"claudia-sheinbaum-felicita-a-kast-y-reafirma-cooperacion-con-chile","status":"publish","type":"post","link":"https:\/\/rnoticias.com.mx\/Portal\/2025\/12\/15\/claudia-sheinbaum-felicita-a-kast-y-reafirma-cooperacion-con-chile\/","title":{"rendered":"Claudia Sheinbaum felicita a Kast y reafirma cooperaci\u00f3n con Chile"},"content":{"rendered":"<p>Tras la jornada electoral en Chile, la presidenta\u00a0<strong>Claudia Sheinbaum Pardo<\/strong>\u00a0felicit\u00f3 al pueblo chileno por un proceso democr\u00e1tico y pac\u00edfico, as\u00ed como a\u00a0<strong>Jos\u00e9 Antonio Kast, presidente electo de Chile<\/strong>. La mandataria expres\u00f3 su confianza en que ambos pa\u00edses mantendr\u00e1n la cooperaci\u00f3n hist\u00f3rica que los ha caracterizado en beneficio regional.<\/p>\n<p>A trav\u00e9s de un mensaje difundido en X,\u00a0<strong>Sheinbaum<\/strong>\u00a0subray\u00f3 la importancia de la colaboraci\u00f3n bilateral entre M\u00e9xico y Chile.\u00a0<em>\u201cConf\u00edo en que ambos gobiernos seguiremos trabajando por el bien de nuestros pa\u00edses y de la regi\u00f3n\u201d<\/em>, se\u00f1al\u00f3, destacando el valor del di\u00e1logo y la relaci\u00f3n diplom\u00e1tica.<\/p>\n<p>La elecci\u00f3n chilena dio como ganador a\u00a0<strong>Jos\u00e9 Antonio Kast<\/strong>, quien obtuvo el\u00a0<strong>58.1 por ciento<\/strong>\u00a0de los votos en la segunda vuelta electoral, superando a la candidata de la centroizquierda Jeannette Jara. La participaci\u00f3n alcanz\u00f3 el 85 por ciento del padr\u00f3n electoral, reflejando una alta concurrencia ciudadana.<\/p>\n<p>Kast asumir\u00e1 la presidencia el\u00a0<strong>11 de marzo de 2026<\/strong>\u00a0por un periodo de cuatro a\u00f1os. El presidente electo logr\u00f3 imponerse en todas las regiones del pa\u00eds, con una diferencia de 16 puntos, consolidando una victoria contundente desde el inicio del conteo.<\/p>\n<p>En el cierre del proceso, el actual mandatario chileno, Gabriel Boric, felicit\u00f3 a Kast y acordaron reunirse en el Palacio de La Moneda. El desenlace electoral abri\u00f3 una nueva etapa pol\u00edtica en Chile, ante la cual\u00a0<strong>Sheinbaum Pardo<\/strong>\u00a0reiter\u00f3 su disposici\u00f3n a fortalecer los lazos entre ambas naciones.<\/p>\n","protected":false},"excerpt":{"rendered":"<p>Tras la jornada electoral en Chile, la presidenta\u00a0Claudia Sheinbaum Pardo\u00a0felicit\u00f3 al pueblo chileno por un proceso democr\u00e1tico y pac\u00edfico, as\u00ed como a\u00a0Jos\u00e9 Antonio Kast, presidente electo de Chile. La mandataria expres\u00f3 su confianza en que ambos pa\u00edses mantendr\u00e1n la cooperaci\u00f3n hist\u00f3rica que los ha caracterizado en beneficio regional. A trav\u00e9s de un mensaje difundido en [&hellip;]<\/p>\n","protected":false},"author":2,"featured_media":238585,"comment_status":"closed","ping_status":"closed","sticky":false,"template":"","format":"standard","meta":{"footnotes":""},"categories":[12870,12868],"tags":[12865,12879],"class_list":["post-238584","post","type-post","status-publish","format-standard","has-post-thumbnail","hentry","category-destacadas","category-politica","tag-destacadas","tag-politica"],"jetpack_featured_media_url":"https:\/\/rnoticias.com.mx\/Portal\/wp-content\/uploads\/2025\/12\/S-16-1-1024x703-1-7mi07eu1bdto0dx8xm4yjhgzly27zryyjdvfdimpx9s.jpg","amp_enabled":true,"_links":{"self":[{"href":"https:\/\/rnoticias.com.mx\/Portal\/wp-json\/wp\/v2\/posts\/238584","targetHints":{"allow":["GET"]}}],"collection":[{"href":"https:\/\/rnoticias.com.mx\/Portal\/wp-json\/wp\/v2\/posts"}],"about":[{"href":"https:\/\/rnoticias.com.mx\/Portal\/wp-json\/wp\/v2\/types\/post"}],"author":[{"embeddable":true,"href":"https:\/\/rnoticias.com.mx\/Portal\/wp-json\/wp\/v2\/users\/2"}],"replies":[{"embeddable":true,"href":"https:\/\/rnoticias.com.mx\/Portal\/wp-json\/wp\/v2\/comments?post=238584"}],"version-history":[{"count":1,"href":"https:\/\/rnoticias.com.mx\/Portal\/wp-json\/wp\/v2\/posts\/238584\/revisions"}],"predecessor-version":[{"id":238586,"href":"https:\/\/rnoticias.com.mx\/Portal\/wp-json\/wp\/v2\/posts\/238584\/revisions\/238586"}],"wp:featuredmedia":[{"embeddable":true,"href":"https:\/\/rnoticias.com.mx\/Portal\/wp-json\/wp\/v2\/media\/238585"}],"wp:attachment":[{"href":"https:\/\/rnoticias.com.mx\/Portal\/wp-json\/wp\/v2\/media?parent=238584"}],"wp:term":[{"taxonomy":"category","embeddable":true,"href":"https:\/\/rnoticias.com.mx\/Portal\/wp-json\/wp\/v2\/categories?post=238584"},{"taxonomy":"post_tag","embeddable":true,"href":"https:\/\/rnoticias.com.mx\/Portal\/wp-json\/wp\/v2\/tags?post=238584"}],"curies":[{"name":"wp","href":"https:\/\/api.w.org\/{rel}","templated":true}]}}