{"id":238571,"date":"2025-12-15T18:01:19","date_gmt":"2025-12-16T01:01:19","guid":{"rendered":"https:\/\/rnoticias.com.mx\/Portal\/?p=238571"},"modified":"2025-12-15T18:01:19","modified_gmt":"2025-12-16T01:01:19","slug":"ine-no-ha-presentado-propuesta-alguna-de-reforma-electoral","status":"publish","type":"post","link":"https:\/\/rnoticias.com.mx\/Portal\/2025\/12\/15\/ine-no-ha-presentado-propuesta-alguna-de-reforma-electoral\/","title":{"rendered":"INE no ha presentado propuesta alguna de Reforma Electoral"},"content":{"rendered":"<p class=\"x_MsoNormal\"><span data-olk-copy-source=\"MessageBody\">El Instituto Nacional Electoral (INE) informa que a la fecha no ha presentado propuesta formal alguna en materia de Reforma Electoral ante la Comisi\u00f3n Presidencial ni ante el Poder Legislativo.<\/span><\/p>\n<p class=\"x_MsoNormal\">\n<p class=\"x_MsoNormal\">El Instituto precisa que los documentos que han circulado recientemente corresponden a insumos internos de trabajo, elaborados como parte de los procesos de an\u00e1lisis y reflexi\u00f3n institucional y no constituyen una postura oficial ni una propuesta definitiva del INE.<\/p>\n<p class=\"x_MsoNormal\">\n<p class=\"x_MsoNormal\">Actualmente, el Instituto se encuentra en una etapa de construcci\u00f3n colegiada, en la que participan las consejer\u00edas y las \u00e1reas t\u00e9cnicas, con el prop\u00f3sito de analizar distintos diagn\u00f3sticos, enfoques y alternativas en torno a una eventual Reforma Electoral.<\/p>\n<p class=\"x_MsoNormal\">\n<p class=\"x_MsoNormal\">El proceso interno contempla la deliberaci\u00f3n plural y la integraci\u00f3n de propuestas que, en su caso, podr\u00e1n reflejar consensos, mayor\u00edas, minor\u00edas o aportaciones individuales, todas ellas v\u00e1lidas dentro de un \u00f3rgano constitucional aut\u00f3nomo.<\/p>\n<p class=\"x_MsoNormal\">\n<p class=\"x_MsoNormal\">Asimismo, el INE ha mantenido una pol\u00edtica de apertura institucional, atendiendo a diversas organizaciones y actores que han solicitado canalizar planteamientos y opiniones para el an\u00e1lisis de la Reforma Electoral, fungiendo \u00fanicamente como conducto para su entrega ante las instancias correspondientes.<\/p>\n<p class=\"x_MsoNormal\">\n<p class=\"x_MsoNormal\">El Instituto Nacional Electoral reitera su compromiso con la transparencia, la responsabilidad institucional y el respeto a los tiempos del proceso y subraya que cualquier propuesta oficial ser\u00e1 comunicada oportunamente a trav\u00e9s de los canales institucionales.<\/p>\n","protected":false},"excerpt":{"rendered":"<p>El Instituto Nacional Electoral (INE) informa que a la fecha no ha presentado propuesta formal alguna en materia de Reforma Electoral ante la Comisi\u00f3n Presidencial ni ante el Poder Legislativo. El Instituto precisa que los documentos que han circulado recientemente corresponden a insumos internos de trabajo, elaborados como parte de los procesos de an\u00e1lisis y [&hellip;]<\/p>\n","protected":false},"author":2,"featured_media":238572,"comment_status":"closed","ping_status":"closed","sticky":false,"template":"","format":"standard","meta":{"footnotes":""},"categories":[12870,12868],"tags":[12865,12879],"class_list":["post-238571","post","type-post","status-publish","format-standard","has-post-thumbnail","hentry","category-destacadas","category-politica","tag-destacadas","tag-politica"],"jetpack_featured_media_url":"https:\/\/rnoticias.com.mx\/Portal\/wp-content\/uploads\/2025\/12\/INE-LOGO-FONDO-scaled-1.jpg","amp_enabled":true,"_links":{"self":[{"href":"https:\/\/rnoticias.com.mx\/Portal\/wp-json\/wp\/v2\/posts\/238571","targetHints":{"allow":["GET"]}}],"collection":[{"href":"https:\/\/rnoticias.com.mx\/Portal\/wp-json\/wp\/v2\/posts"}],"about":[{"href":"https:\/\/rnoticias.com.mx\/Portal\/wp-json\/wp\/v2\/types\/post"}],"author":[{"embeddable":true,"href":"https:\/\/rnoticias.com.mx\/Portal\/wp-json\/wp\/v2\/users\/2"}],"replies":[{"embeddable":true,"href":"https:\/\/rnoticias.com.mx\/Portal\/wp-json\/wp\/v2\/comments?post=238571"}],"version-history":[{"count":1,"href":"https:\/\/rnoticias.com.mx\/Portal\/wp-json\/wp\/v2\/posts\/238571\/revisions"}],"predecessor-version":[{"id":238573,"href":"https:\/\/rnoticias.com.mx\/Portal\/wp-json\/wp\/v2\/posts\/238571\/revisions\/238573"}],"wp:featuredmedia":[{"embeddable":true,"href":"https:\/\/rnoticias.com.mx\/Portal\/wp-json\/wp\/v2\/media\/238572"}],"wp:attachment":[{"href":"https:\/\/rnoticias.com.mx\/Portal\/wp-json\/wp\/v2\/media?parent=238571"}],"wp:term":[{"taxonomy":"category","embeddable":true,"href":"https:\/\/rnoticias.com.mx\/Portal\/wp-json\/wp\/v2\/categories?post=238571"},{"taxonomy":"post_tag","embeddable":true,"href":"https:\/\/rnoticias.com.mx\/Portal\/wp-json\/wp\/v2\/tags?post=238571"}],"curies":[{"name":"wp","href":"https:\/\/api.w.org\/{rel}","templated":true}]}}