{"id":238562,"date":"2025-12-15T17:54:02","date_gmt":"2025-12-16T00:54:02","guid":{"rendered":"https:\/\/rnoticias.com.mx\/Portal\/?p=238562"},"modified":"2025-12-15T17:54:02","modified_gmt":"2025-12-16T00:54:02","slug":"avanza-universidad-de-sonora-hacia-entornos-100-libres-de-humo-de-tabaco-y-emisiones","status":"publish","type":"post","link":"https:\/\/rnoticias.com.mx\/Portal\/2025\/12\/15\/avanza-universidad-de-sonora-hacia-entornos-100-libres-de-humo-de-tabaco-y-emisiones\/","title":{"rendered":"Avanza Universidad de Sonora hacia entornos 100% libres de humo de tabaco y emisiones"},"content":{"rendered":"<p>Como resultado del esfuerzo institucional sostenido y coordinado, la Universidad de Sonora entreg\u00f3 reconocimiento como Espacios 100% Libres de Humo de Tabaco y Emisiones a 35 departamentos de los campus Hermosillo, Cajeme, Santa Ana, Nogales y Navojoa.<\/p>\n<p>La rectora Dena Mar\u00eda Camarena G\u00f3mez encabez\u00f3 la ceremonia de entrega de los documentos avalados por la Direcci\u00f3n General de Salud Mental y Adicciones de la Secretar\u00eda de Salud, con vigencia para los pr\u00f3ximos tres a\u00f1os.<\/p>\n<p>En el evento, la rectora consider\u00f3 que esta certificaci\u00f3n representa un paso decisivo en la consolidaci\u00f3n de la m\u00e1xima casa de estudios como un referente social en la promoci\u00f3n de h\u00e1bitos saludables y de protecci\u00f3n a la salud p\u00fablica considerados en la Agenda 2030.<\/p>\n<p>\u201cEsta ceremonia de entrega de reconocimientos como Espacio Libre de Humo de Tabaco y Emisiones 2025-2028 de los 35 departamentos que conforman los campus de Navojoa, Cajeme, Hermosillo, Santa Ana y Nogales, representan casi el 90% del total de los departamentos de nuestra Casa de Estudios\u201d, expres\u00f3.<\/p>\n<p>Camarena G\u00f3mez record\u00f3 que el proyecto de Espacios Libres de Humo de Tabaco y Emisiones fue creado en el a\u00f1o 2022 con el objetivo de proteger a la comunidad universitaria de los efectos nocivos del tabaquismo pasivo y para fomentar una cultura de prevenci\u00f3n y autocuidado.<\/p>\n<p>Resalt\u00f3 el esfuerzo realizado por Fara Gisela Arreola Romero, representante de la Comisi\u00f3n de Prevenci\u00f3n de Adicciones de la Universidad de Sonora y directora del Centro de Integraci\u00f3n Juvenil, as\u00ed como el apoyo de la titular de la Direcci\u00f3n General de Salud Mental y Adicciones de la Secretar\u00eda de Salud, Hermosillo Sur.<\/p>\n<p>\u201cQueremos marcar una l\u00ednea a seguir y este es un proceso que poco a poco, y con el compromiso y el apoyo de todos lo podemos lograr y uno de los prop\u00f3sitos es que para el a\u00f1o 2030 egresen las primeras generaciones de la Universidad de Sonora libres de humo de tabaco y de emisiones.<\/p>\n<p>\u201cSignificar\u00eda que estos j\u00f3venes que tambi\u00e9n est\u00e1n form\u00e1ndose en un ambiente con esas caracter\u00edsticas, pues van a tener un \u00e1rea de influencia tambi\u00e9n en su comunidad, en sus familias, en sus seres cercanos y van a ser promotores de esta acci\u00f3n\u201d, a\u00f1adi\u00f3.<\/p>\n<p>La bienvenida al evento estuvo a cargo del director de Programas Estrat\u00e9gicos y Proyecci\u00f3n Universitaria, Jos\u00e9 Enrique Flores Arg\u00fcelles, quien argument\u00f3 que este proyecto est\u00e1 estrechamente vinculado con la normativa nacional sobre este precepto.<\/p>\n<p>\u201cEl proceso que hoy celebramos fue largo y profundamente colaborativo; inicialmente se convoc\u00f3 a todos los departamentos de los seis campus y se design\u00f3 a responsables y enlaces que recibieron capacitaci\u00f3n especializada.<\/p>\n<p>\u201cSe adecuaron los espacios f\u00edsicos con se\u00f1al\u00e9tica y ceniceros en las \u00e1reas permitidas y se realizaron actividades de sensibilizaci\u00f3n que involucraron a estudiantes, docente, personal administrativo y personal directivo\u201d, se\u00f1al\u00f3.<\/p>\n<p>Agradeci\u00f3 de esta manera a los responsables de las \u00e1reas administrativas y jefaturas de los departamentos por su entrega y liderazgo, as\u00ed como a la comunidad universitaria por asumir este cambio con responsabilidad.<\/p>\n<p>Durante el evento, realizado en el Auditorio del Centro de las Artes, tambi\u00e9n estuvieron presente Arleth Idalel Meza Aguilar, como representante de la Direcci\u00f3n General de Salud Mental y Adicciones de la Secretar\u00eda de Salud; y el secretario general administrativo, Guillermo Cuamea Cruz, as\u00ed como invitados especiales y enlaces de las comisiones que participaron en este cambio que permitir\u00e1 a la instituci\u00f3n lograr, en breve tiempo, el 100% de espacios libres de humo de tabaco y de emisiones.<\/p>\n","protected":false},"excerpt":{"rendered":"<p>Como resultado del esfuerzo institucional sostenido y coordinado, la Universidad de Sonora entreg\u00f3 reconocimiento como Espacios 100% Libres de Humo de Tabaco y Emisiones a 35 departamentos de los campus Hermosillo, Cajeme, Santa Ana, Nogales y Navojoa. La rectora Dena Mar\u00eda Camarena G\u00f3mez encabez\u00f3 la ceremonia de entrega de los documentos avalados por la Direcci\u00f3n [&hellip;]<\/p>\n","protected":false},"author":2,"featured_media":238563,"comment_status":"closed","ping_status":"closed","sticky":false,"template":"","format":"standard","meta":{"footnotes":""},"categories":[12870,178],"tags":[12865,12869],"class_list":["post-238562","post","type-post","status-publish","format-standard","has-post-thumbnail","hentry","category-destacadas","category-local","tag-destacadas","tag-local"],"jetpack_featured_media_url":"https:\/\/rnoticias.com.mx\/Portal\/wp-content\/uploads\/2025\/12\/RECONOCIMIENTO-1.jpg","amp_enabled":true,"_links":{"self":[{"href":"https:\/\/rnoticias.com.mx\/Portal\/wp-json\/wp\/v2\/posts\/238562","targetHints":{"allow":["GET"]}}],"collection":[{"href":"https:\/\/rnoticias.com.mx\/Portal\/wp-json\/wp\/v2\/posts"}],"about":[{"href":"https:\/\/rnoticias.com.mx\/Portal\/wp-json\/wp\/v2\/types\/post"}],"author":[{"embeddable":true,"href":"https:\/\/rnoticias.com.mx\/Portal\/wp-json\/wp\/v2\/users\/2"}],"replies":[{"embeddable":true,"href":"https:\/\/rnoticias.com.mx\/Portal\/wp-json\/wp\/v2\/comments?post=238562"}],"version-history":[{"count":1,"href":"https:\/\/rnoticias.com.mx\/Portal\/wp-json\/wp\/v2\/posts\/238562\/revisions"}],"predecessor-version":[{"id":238564,"href":"https:\/\/rnoticias.com.mx\/Portal\/wp-json\/wp\/v2\/posts\/238562\/revisions\/238564"}],"wp:featuredmedia":[{"embeddable":true,"href":"https:\/\/rnoticias.com.mx\/Portal\/wp-json\/wp\/v2\/media\/238563"}],"wp:attachment":[{"href":"https:\/\/rnoticias.com.mx\/Portal\/wp-json\/wp\/v2\/media?parent=238562"}],"wp:term":[{"taxonomy":"category","embeddable":true,"href":"https:\/\/rnoticias.com.mx\/Portal\/wp-json\/wp\/v2\/categories?post=238562"},{"taxonomy":"post_tag","embeddable":true,"href":"https:\/\/rnoticias.com.mx\/Portal\/wp-json\/wp\/v2\/tags?post=238562"}],"curies":[{"name":"wp","href":"https:\/\/api.w.org\/{rel}","templated":true}]}}