{"id":238559,"date":"2025-12-15T17:51:46","date_gmt":"2025-12-16T00:51:46","guid":{"rendered":"https:\/\/rnoticias.com.mx\/Portal\/?p=238559"},"modified":"2025-12-15T17:51:46","modified_gmt":"2025-12-16T00:51:46","slug":"preve-ine-ampliacion-de-vigencia-de-94-mil-705-credenciales-para-votar-en-coahuila","status":"publish","type":"post","link":"https:\/\/rnoticias.com.mx\/Portal\/2025\/12\/15\/preve-ine-ampliacion-de-vigencia-de-94-mil-705-credenciales-para-votar-en-coahuila\/","title":{"rendered":"Prev\u00e9 INE ampliaci\u00f3n de vigencia de 94 mil 705 Credenciales para Votar en Coahuila"},"content":{"rendered":"<p class=\"x_MsoNormal\"><span data-olk-copy-source=\"MessageBody\">La Comisi\u00f3n del Registro Federal de Electores del Instituto Nacional Electoral (INE), aprob\u00f3 extender la vigencia de las Credenciales para Votar -que vencen el 31 de diciembre de 2025-, hasta el 7 de junio de 2026, d\u00eda de la Jornada Electoral del Proceso Electoral Local 2025-2026 en el estado de Coahuila de Zaragoza.<\/span><\/p>\n<p class=\"x_MsoNormal\">\n<p class=\"x_MsoNormal\">En sesi\u00f3n extraordinaria, se dio a conocer que al 31 de octubre, hay un total de 94 mil 705 Credenciales para Votar cuya vigencia expirar\u00eda al finalizar el 2025.<\/p>\n<p class=\"x_MsoNormal\">\n<p class=\"x_MsoNormal\">El objetivo es facilitar y maximizar la participaci\u00f3n de las y los ciudadanos coahuilense en el proceso electoral, asegurando que ning\u00fan elector o electora vea limitado su derecho al voto debido a la expiraci\u00f3n de su identificaci\u00f3n oficial.<\/p>\n<p class=\"x_MsoNormal\">\n<p class=\"x_MsoNormal\">El proyecto que entrar\u00e1 en vigor despu\u00e9s de ser aprobado por el Consejo General en su pr\u00f3xima sesi\u00f3n, prev\u00e9 que las Credenciales para Votar contin\u00faen vigentes hasta el 7 de junio de 2026, cuando se definir\u00e1 la conformaci\u00f3n de la LXIV Legislatura del Congreso del Estado de Coahuila, eligiendo un total de 25 cargos: 16 diputaciones de Mayor\u00eda Relativa y nueve de Representaci\u00f3n Proporcional.<\/p>\n","protected":false},"excerpt":{"rendered":"<p>La Comisi\u00f3n del Registro Federal de Electores del Instituto Nacional Electoral (INE), aprob\u00f3 extender la vigencia de las Credenciales para Votar -que vencen el 31 de diciembre de 2025-, hasta el 7 de junio de 2026, d\u00eda de la Jornada Electoral del Proceso Electoral Local 2025-2026 en el estado de Coahuila de Zaragoza. En sesi\u00f3n [&hellip;]<\/p>\n","protected":false},"author":2,"featured_media":238560,"comment_status":"closed","ping_status":"closed","sticky":false,"template":"","format":"standard","meta":{"footnotes":""},"categories":[12870,12868],"tags":[12865,12879],"class_list":["post-238559","post","type-post","status-publish","format-standard","has-post-thumbnail","hentry","category-destacadas","category-politica","tag-destacadas","tag-politica"],"jetpack_featured_media_url":"https:\/\/rnoticias.com.mx\/Portal\/wp-content\/uploads\/2025\/12\/WhatsApp-Image-2025-12-15-at-2.28.06-PM.jpeg","amp_enabled":true,"_links":{"self":[{"href":"https:\/\/rnoticias.com.mx\/Portal\/wp-json\/wp\/v2\/posts\/238559","targetHints":{"allow":["GET"]}}],"collection":[{"href":"https:\/\/rnoticias.com.mx\/Portal\/wp-json\/wp\/v2\/posts"}],"about":[{"href":"https:\/\/rnoticias.com.mx\/Portal\/wp-json\/wp\/v2\/types\/post"}],"author":[{"embeddable":true,"href":"https:\/\/rnoticias.com.mx\/Portal\/wp-json\/wp\/v2\/users\/2"}],"replies":[{"embeddable":true,"href":"https:\/\/rnoticias.com.mx\/Portal\/wp-json\/wp\/v2\/comments?post=238559"}],"version-history":[{"count":1,"href":"https:\/\/rnoticias.com.mx\/Portal\/wp-json\/wp\/v2\/posts\/238559\/revisions"}],"predecessor-version":[{"id":238561,"href":"https:\/\/rnoticias.com.mx\/Portal\/wp-json\/wp\/v2\/posts\/238559\/revisions\/238561"}],"wp:featuredmedia":[{"embeddable":true,"href":"https:\/\/rnoticias.com.mx\/Portal\/wp-json\/wp\/v2\/media\/238560"}],"wp:attachment":[{"href":"https:\/\/rnoticias.com.mx\/Portal\/wp-json\/wp\/v2\/media?parent=238559"}],"wp:term":[{"taxonomy":"category","embeddable":true,"href":"https:\/\/rnoticias.com.mx\/Portal\/wp-json\/wp\/v2\/categories?post=238559"},{"taxonomy":"post_tag","embeddable":true,"href":"https:\/\/rnoticias.com.mx\/Portal\/wp-json\/wp\/v2\/tags?post=238559"}],"curies":[{"name":"wp","href":"https:\/\/api.w.org\/{rel}","templated":true}]}}