{"id":238553,"date":"2025-12-15T17:46:56","date_gmt":"2025-12-16T00:46:56","guid":{"rendered":"https:\/\/rnoticias.com.mx\/Portal\/?p=238553"},"modified":"2025-12-15T17:46:56","modified_gmt":"2025-12-16T00:46:56","slug":"la-defensoria-publica-refuerza-su-servicio-cercano-a-las-y-los-sonorenses","status":"publish","type":"post","link":"https:\/\/rnoticias.com.mx\/Portal\/2025\/12\/15\/la-defensoria-publica-refuerza-su-servicio-cercano-a-las-y-los-sonorenses\/","title":{"rendered":"La Defensor\u00eda P\u00fablica refuerza su servicio cercano a las y los sonorenses"},"content":{"rendered":"<p>Hermosillo, Sonora; 15 de diciembre de 2025.- La Defensor\u00eda P\u00fablica del Estado de Sonora fortaleci\u00f3 sus servicios mediante jornadas especiales de trabajo para garantizar asesor\u00eda y representaci\u00f3n jur\u00eddica gratuita a personas de todas las comunidades, en atenci\u00f3n a la instrucci\u00f3n del gobernador Alfonso Durazo Monta\u00f1o de consolidar un Gobierno de Sonora cercano y accesible.<\/p>\n<p>La instituci\u00f3n brinda apoyo en materia penal, civil-familiar, administrativa y laboral, asegurando acompa\u00f1amiento profesional en procesos como alimentos, custodia, sucesiones y defensa penal. Estas acciones permiten que m\u00e1s familias en situaci\u00f3n de vulnerabilidad accedan a orientaci\u00f3n jur\u00eddica oportuna.<\/p>\n<p>Las jornadas contribuyen a ampliar la cobertura y mejorar los tiempos de atenci\u00f3n, fortaleciendo el objetivo de que ninguna persona sonorense quede sin respaldo jur\u00eddico ante procedimientos que afectan su estabilidad personal o patrimonial.<\/p>\n<p>Principales tr\u00e1mites de atenci\u00f3n:<\/p>\n<p>\u2022 Divorcios<\/p>\n<p>\u2022 Juicios de alimentos<\/p>\n<p>\u2022 Sucesiones<\/p>\n<p>\u2022 Acreditaciones de identidad<\/p>\n<p>\u2022 Acreditaciones judiciales por urgencia<\/p>\n<p>\u2022 Patria potestad y tutela<\/p>\n<p>Este esfuerzo reafirma el compromiso de construir un Gobierno humano, accesible y cercano, que coloca la justicia al alcance de todas y todos los sonorenses.<\/p>\n<p>Para mayor informaci\u00f3n y orientaci\u00f3n, la ciudadan\u00eda puede comunicarse al (662) 108 08 60 o acudir a las oficinas de la Defensor\u00eda P\u00fablica del Estado de Sonora, en Hermosillo, ubicadas en Manuel Z. Cubillas y Galeana, colonia Las Palmas, as\u00ed como al m\u00f3dulo correspondiente en su ciudad<\/p>\n","protected":false},"excerpt":{"rendered":"<p>Hermosillo, Sonora; 15 de diciembre de 2025.- La Defensor\u00eda P\u00fablica del Estado de Sonora fortaleci\u00f3 sus servicios mediante jornadas especiales de trabajo para garantizar asesor\u00eda y representaci\u00f3n jur\u00eddica gratuita a personas de todas las comunidades, en atenci\u00f3n a la instrucci\u00f3n del gobernador Alfonso Durazo Monta\u00f1o de consolidar un Gobierno de Sonora cercano y accesible. La [&hellip;]<\/p>\n","protected":false},"author":2,"featured_media":238554,"comment_status":"closed","ping_status":"closed","sticky":false,"template":"","format":"standard","meta":{"footnotes":""},"categories":[12870,178],"tags":[12865,12869],"class_list":["post-238553","post","type-post","status-publish","format-standard","has-post-thumbnail","hentry","category-destacadas","category-local","tag-destacadas","tag-local"],"jetpack_featured_media_url":"https:\/\/rnoticias.com.mx\/Portal\/wp-content\/uploads\/2025\/12\/unnamed-52.jpg","amp_enabled":true,"_links":{"self":[{"href":"https:\/\/rnoticias.com.mx\/Portal\/wp-json\/wp\/v2\/posts\/238553","targetHints":{"allow":["GET"]}}],"collection":[{"href":"https:\/\/rnoticias.com.mx\/Portal\/wp-json\/wp\/v2\/posts"}],"about":[{"href":"https:\/\/rnoticias.com.mx\/Portal\/wp-json\/wp\/v2\/types\/post"}],"author":[{"embeddable":true,"href":"https:\/\/rnoticias.com.mx\/Portal\/wp-json\/wp\/v2\/users\/2"}],"replies":[{"embeddable":true,"href":"https:\/\/rnoticias.com.mx\/Portal\/wp-json\/wp\/v2\/comments?post=238553"}],"version-history":[{"count":1,"href":"https:\/\/rnoticias.com.mx\/Portal\/wp-json\/wp\/v2\/posts\/238553\/revisions"}],"predecessor-version":[{"id":238555,"href":"https:\/\/rnoticias.com.mx\/Portal\/wp-json\/wp\/v2\/posts\/238553\/revisions\/238555"}],"wp:featuredmedia":[{"embeddable":true,"href":"https:\/\/rnoticias.com.mx\/Portal\/wp-json\/wp\/v2\/media\/238554"}],"wp:attachment":[{"href":"https:\/\/rnoticias.com.mx\/Portal\/wp-json\/wp\/v2\/media?parent=238553"}],"wp:term":[{"taxonomy":"category","embeddable":true,"href":"https:\/\/rnoticias.com.mx\/Portal\/wp-json\/wp\/v2\/categories?post=238553"},{"taxonomy":"post_tag","embeddable":true,"href":"https:\/\/rnoticias.com.mx\/Portal\/wp-json\/wp\/v2\/tags?post=238553"}],"curies":[{"name":"wp","href":"https:\/\/api.w.org\/{rel}","templated":true}]}}