{"id":238550,"date":"2025-12-15T17:45:11","date_gmt":"2025-12-16T00:45:11","guid":{"rendered":"https:\/\/rnoticias.com.mx\/Portal\/?p=238550"},"modified":"2025-12-15T17:45:11","modified_gmt":"2025-12-16T00:45:11","slug":"implementara-ine-voto-en-prision-preventiva-en-el-proceso-electoral-local-2025-2026-de-coahuila","status":"publish","type":"post","link":"https:\/\/rnoticias.com.mx\/Portal\/2025\/12\/15\/implementara-ine-voto-en-prision-preventiva-en-el-proceso-electoral-local-2025-2026-de-coahuila\/","title":{"rendered":"Implementar\u00e1 INE voto en prisi\u00f3n preventiva en el Proceso Electoral Local 2025-2026 de Coahuila"},"content":{"rendered":"<p class=\"x_MsoNormal\"><span data-olk-copy-source=\"MessageBody\">El Consejo General del Instituto Nacional Electoral (INE) aprob\u00f3 los Lineamientos, el Modelo de Operaci\u00f3n y la documentaci\u00f3n electoral para la organizaci\u00f3n del voto de las personas en prisi\u00f3n preventiva en el Proceso Electoral Local 2025-2026 en el estado Coahuila de Zaragoza.<\/span><\/p>\n<p class=\"x_MsoNormal\">\n<p class=\"x_MsoNormal\">En sesi\u00f3n extraordinaria, la Consejera y presidenta de la Comisi\u00f3n Temporal para el Seguimiento de los Procesos Electorales Locales 2025-2026, Dania Ravel Cuevas, subray\u00f3 que \u201c\u00e9sta ser\u00e1 una nueva oportunidad para maximizar los derechos de las personas en prisi\u00f3n preventiva que se encuentren en posibilidad de ejercer su derecho a votar por las 25 diputaciones que se van a renovar en Coahuila\u201d.<\/p>\n<p class=\"x_MsoNormal\">\n<p class=\"x_MsoNormal\">Lo anterior, sin dejar de garantizar la seguridad tanto de las personas en prisi\u00f3n preventiva, como de las que laboran en los centros penitenciarios y de quienes ingresar\u00e1n para hacer posible esta modalidad de votaci\u00f3n.<\/p>\n<p class=\"x_MsoNormal\">\n<p class=\"x_MsoNormal\">La Consejera Ravel precis\u00f3 que el INE ha llevado a cabo la organizaci\u00f3n del ejercicio del voto de las personas en prisi\u00f3n preventiva en cinco procesos electorales, de los cuales uno ha sido federal, uno concurrente y tres locales, en los cuales han emitido su voto un total de 33 mil 974 personas.<\/p>\n<p class=\"x_MsoNormal\">\n<p class=\"x_MsoNormal\">\u00c9sta, dijo, ser\u00e1 la tercera ocasi\u00f3n que se implementa esta modalidad de votaci\u00f3n en Coahuila, en sus ocho centros penitenciarios en donde se encuentran recluidas tres mil 347 personas.<\/p>\n<p class=\"x_MsoNormal\">\n<p class=\"x_MsoNormal\">La votaci\u00f3n anticipada de las personas en prisi\u00f3n preventiva se llevar\u00e1 a cabo del 18 al 24 de mayo de 2026, conforme a la log\u00edstica y horario acordados con cada centro penitenciario.<\/p>\n<p class=\"x_MsoNormal\"><b><i>\u00a0<\/i><\/b><\/p>\n<p class=\"x_MsoNormal\"><b><i>Se aprueba la instrumentaci\u00f3n del voto mediante urna electr\u00f3nica<\/i><\/b><\/p>\n<p class=\"x_MsoNormal\"><b><i>\u00a0<\/i><\/b><\/p>\n<p class=\"x_MsoNormal\">Al continuar con el desarrollo de la sesi\u00f3n, que cont\u00f3 con la presencia de las representaciones de los partidos pol\u00edticos, consejeras y consejeros avalaron instrumentar el voto mediante urna electr\u00f3nica, en la modalidad de prueba piloto vinculante, en la totalidad de las casillas especiales de Coahuila durante el Proceso Electoral Local 2025-2026.<\/p>\n<p class=\"x_MsoNormal\">\n<p class=\"x_MsoNormal\">Se determin\u00f3 la dotaci\u00f3n correspondiente de mil boletas electr\u00f3nicas y se prev\u00e9 el uso de tres urnas electr\u00f3nicas del modelo INE 7.0 por cada casilla especial que sea instalada.<\/p>\n<p class=\"x_MsoNormal\">\n<p class=\"x_MsoNormal\">Tambi\u00e9n se avalaron los Lineamientos, el modelo de operaci\u00f3n; la estrategia complementaria de capacitaci\u00f3n y asistencia electoral; el plan de seguridad; el plan de continuidad; el plan de verificaci\u00f3n; el calendario de actividades y los formatos \u00fanicos para la implementaci\u00f3n de la urna electr\u00f3nica que se usar\u00e1 durante la Jornada Electoral del 7 de junio.<\/p>\n<p class=\"x_MsoNormal\">\n<p class=\"x_MsoNormal\">Finalmente, la autoridad electoral nacional resolvi\u00f3 10 proyectos de resoluci\u00f3n del procedimiento de remoci\u00f3n de consejeras y consejeros electorales, de los cuales dos se consideraron infundados, cuatro sobrese\u00eddos y cuatro m\u00e1s fueron desechados.<\/p>\n","protected":false},"excerpt":{"rendered":"<p>El Consejo General del Instituto Nacional Electoral (INE) aprob\u00f3 los Lineamientos, el Modelo de Operaci\u00f3n y la documentaci\u00f3n electoral para la organizaci\u00f3n del voto de las personas en prisi\u00f3n preventiva en el Proceso Electoral Local 2025-2026 en el estado Coahuila de Zaragoza. En sesi\u00f3n extraordinaria, la Consejera y presidenta de la Comisi\u00f3n Temporal para el [&hellip;]<\/p>\n","protected":false},"author":2,"featured_media":238551,"comment_status":"closed","ping_status":"closed","sticky":false,"template":"","format":"standard","meta":{"footnotes":""},"categories":[12870,12868],"tags":[12865,12879],"class_list":["post-238550","post","type-post","status-publish","format-standard","has-post-thumbnail","hentry","category-destacadas","category-politica","tag-destacadas","tag-politica"],"jetpack_featured_media_url":"https:\/\/rnoticias.com.mx\/Portal\/wp-content\/uploads\/2025\/12\/6643a0589000b630915745.jpeg","amp_enabled":true,"_links":{"self":[{"href":"https:\/\/rnoticias.com.mx\/Portal\/wp-json\/wp\/v2\/posts\/238550","targetHints":{"allow":["GET"]}}],"collection":[{"href":"https:\/\/rnoticias.com.mx\/Portal\/wp-json\/wp\/v2\/posts"}],"about":[{"href":"https:\/\/rnoticias.com.mx\/Portal\/wp-json\/wp\/v2\/types\/post"}],"author":[{"embeddable":true,"href":"https:\/\/rnoticias.com.mx\/Portal\/wp-json\/wp\/v2\/users\/2"}],"replies":[{"embeddable":true,"href":"https:\/\/rnoticias.com.mx\/Portal\/wp-json\/wp\/v2\/comments?post=238550"}],"version-history":[{"count":1,"href":"https:\/\/rnoticias.com.mx\/Portal\/wp-json\/wp\/v2\/posts\/238550\/revisions"}],"predecessor-version":[{"id":238552,"href":"https:\/\/rnoticias.com.mx\/Portal\/wp-json\/wp\/v2\/posts\/238550\/revisions\/238552"}],"wp:featuredmedia":[{"embeddable":true,"href":"https:\/\/rnoticias.com.mx\/Portal\/wp-json\/wp\/v2\/media\/238551"}],"wp:attachment":[{"href":"https:\/\/rnoticias.com.mx\/Portal\/wp-json\/wp\/v2\/media?parent=238550"}],"wp:term":[{"taxonomy":"category","embeddable":true,"href":"https:\/\/rnoticias.com.mx\/Portal\/wp-json\/wp\/v2\/categories?post=238550"},{"taxonomy":"post_tag","embeddable":true,"href":"https:\/\/rnoticias.com.mx\/Portal\/wp-json\/wp\/v2\/tags?post=238550"}],"curies":[{"name":"wp","href":"https:\/\/api.w.org\/{rel}","templated":true}]}}