{"id":238535,"date":"2025-12-15T17:33:37","date_gmt":"2025-12-16T00:33:37","guid":{"rendered":"https:\/\/rnoticias.com.mx\/Portal\/?p=238535"},"modified":"2025-12-15T17:33:37","modified_gmt":"2025-12-16T00:33:37","slug":"vinculan-a-proceso-a-exsecretario-de-educacion-de-sonora-por-presunto-desvio-de-287-mdp","status":"publish","type":"post","link":"https:\/\/rnoticias.com.mx\/Portal\/2025\/12\/15\/vinculan-a-proceso-a-exsecretario-de-educacion-de-sonora-por-presunto-desvio-de-287-mdp\/","title":{"rendered":"Vinculan a proceso a exsecretario de Educaci\u00f3n de Sonora por presunto desv\u00edo de 287 mdp"},"content":{"rendered":"<p>Fue vinculado a proceso el exsecretario de Educaci\u00f3n y Cultura de Sonora, Ernesto \u201cN\u201d, por su probable responsabilidad en el desv\u00edo de 287 millones de pesos destinados al pago de impuestos.<\/p>\n<p>Durante la audiencia, el Ministerio P\u00fablico de la Fiscal\u00eda Especializada en Anticorrupci\u00f3n de Sonora present\u00f3 la documentaci\u00f3n necesaria para acreditar la posible participaci\u00f3n del imputado en la desviaci\u00f3n de recursos p\u00fablicos pertenecientes a la administraci\u00f3n estatal.<\/p>\n<p>De acuerdo con la parte acusadora, los recursos desviados formaban parte de un fideicomiso correspondiente a un \u201cPlan de Beneficios M\u00faltiples\u201d, en el que el dinero de las y los trabajadores dej\u00f3 de ser canalizado correctamente, presuntamente con la participaci\u00f3n de otros funcionarios del gobierno anterior.<\/p>\n<p>La autoridad judicial estableci\u00f3 un plazo de tres meses para el cierre de la investigaci\u00f3n complementaria, el cual vence el pr\u00f3ximo 13 de marzo de 2026.<\/p>\n","protected":false},"excerpt":{"rendered":"<p>Fue vinculado a proceso el exsecretario de Educaci\u00f3n y Cultura de Sonora, Ernesto \u201cN\u201d, por su probable responsabilidad en el desv\u00edo de 287 millones de pesos destinados al pago de impuestos. Durante la audiencia, el Ministerio P\u00fablico de la Fiscal\u00eda Especializada en Anticorrupci\u00f3n de Sonora present\u00f3 la documentaci\u00f3n necesaria para acreditar la posible participaci\u00f3n del [&hellip;]<\/p>\n","protected":false},"author":2,"featured_media":238536,"comment_status":"closed","ping_status":"closed","sticky":false,"template":"","format":"standard","meta":{"footnotes":""},"categories":[12870,178],"tags":[12865,12869],"class_list":["post-238535","post","type-post","status-publish","format-standard","has-post-thumbnail","hentry","category-destacadas","category-local","tag-destacadas","tag-local"],"jetpack_featured_media_url":"https:\/\/rnoticias.com.mx\/Portal\/wp-content\/uploads\/2025\/12\/descarga-11.jpeg","amp_enabled":true,"_links":{"self":[{"href":"https:\/\/rnoticias.com.mx\/Portal\/wp-json\/wp\/v2\/posts\/238535","targetHints":{"allow":["GET"]}}],"collection":[{"href":"https:\/\/rnoticias.com.mx\/Portal\/wp-json\/wp\/v2\/posts"}],"about":[{"href":"https:\/\/rnoticias.com.mx\/Portal\/wp-json\/wp\/v2\/types\/post"}],"author":[{"embeddable":true,"href":"https:\/\/rnoticias.com.mx\/Portal\/wp-json\/wp\/v2\/users\/2"}],"replies":[{"embeddable":true,"href":"https:\/\/rnoticias.com.mx\/Portal\/wp-json\/wp\/v2\/comments?post=238535"}],"version-history":[{"count":1,"href":"https:\/\/rnoticias.com.mx\/Portal\/wp-json\/wp\/v2\/posts\/238535\/revisions"}],"predecessor-version":[{"id":238537,"href":"https:\/\/rnoticias.com.mx\/Portal\/wp-json\/wp\/v2\/posts\/238535\/revisions\/238537"}],"wp:featuredmedia":[{"embeddable":true,"href":"https:\/\/rnoticias.com.mx\/Portal\/wp-json\/wp\/v2\/media\/238536"}],"wp:attachment":[{"href":"https:\/\/rnoticias.com.mx\/Portal\/wp-json\/wp\/v2\/media?parent=238535"}],"wp:term":[{"taxonomy":"category","embeddable":true,"href":"https:\/\/rnoticias.com.mx\/Portal\/wp-json\/wp\/v2\/categories?post=238535"},{"taxonomy":"post_tag","embeddable":true,"href":"https:\/\/rnoticias.com.mx\/Portal\/wp-json\/wp\/v2\/tags?post=238535"}],"curies":[{"name":"wp","href":"https:\/\/api.w.org\/{rel}","templated":true}]}}