{"id":238526,"date":"2025-12-15T17:12:37","date_gmt":"2025-12-16T00:12:37","guid":{"rendered":"https:\/\/rnoticias.com.mx\/Portal\/?p=238526"},"modified":"2025-12-15T17:12:37","modified_gmt":"2025-12-16T00:12:37","slug":"reduciran-en-hermosillo-circulacion-de-camiones-el-25-y-1-de-enero-imtes","status":"publish","type":"post","link":"https:\/\/rnoticias.com.mx\/Portal\/2025\/12\/15\/reduciran-en-hermosillo-circulacion-de-camiones-el-25-y-1-de-enero-imtes\/","title":{"rendered":"Reducir\u00e1n en Hermosillo circulaci\u00f3n de camiones el 25 y 1 de enero: IMTES"},"content":{"rendered":"<p>Hermosillo, Sonora. Durante las proximas festividades de Navidad y A\u00f1o Nuevo, la ciudad de Hermosillo registrar\u00e1 una reducci\u00f3n en el n\u00famero de unidades de transporte p\u00fablico en circulaci\u00f3n.<\/p>\n<p>&nbsp;<\/p>\n<p>Carlos Sosa Casta\u00f1eda, titular del Instituto de Movilidad y Transporte del Estado de Sonora (IMTES), inform\u00f3 que la medida se aplicar\u00e1 los d\u00edas 24, 25, 31 de diciembre y 1 de enero, con un esquema similar al que opera los d\u00edas s\u00e1bado.<\/p>\n<p>\u201cActualmente, Hermosillo cuenta con unas 334 unidades, cifra que puede acercarse a las 350 considerando las adicionales operadas por el IMTES. Sin embargo, durante estas fechas festivas, principalmente los d\u00edas 25 de diciembre y 1 de enero, se estima que solo circulen 284 unidades\u201d, argument\u00f3.<\/p>\n<p>El funcionario explic\u00f3 que la reducci\u00f3n responde a la disminuci\u00f3n en la demanda de transporte durante este periodo, cuando muchas personas se desplazan en menor n\u00famero o permanecen en casa.<\/p>\n<p>&nbsp;<\/p>\n<p>Sosa Casta\u00f1eda recomend\u00f3 a los usuarios planear sus traslados con antelaci\u00f3n, tomar en cuenta los horarios limitados y respetar las medidas de seguridad para garantizar un viaje seguro y ordenado.<\/p>\n<p>&nbsp;<\/p>\n<p>Finalmente, la autoridad estatal tambi\u00e9n record\u00f3, que este ajuste es temporal y retomar\u00e1 la operaci\u00f3n habitual a partir del 2 de enero en todas sus rutas.<\/p>\n<p>&nbsp;<\/p>\n<p>&nbsp;<\/p>\n","protected":false},"excerpt":{"rendered":"<p>Hermosillo, Sonora. Durante las proximas festividades de Navidad y A\u00f1o Nuevo, la ciudad de Hermosillo registrar\u00e1 una reducci\u00f3n en el n\u00famero de unidades de transporte p\u00fablico en circulaci\u00f3n. &nbsp; Carlos Sosa Casta\u00f1eda, titular del Instituto de Movilidad y Transporte del Estado de Sonora (IMTES), inform\u00f3 que la medida se aplicar\u00e1 los d\u00edas 24, 25, 31 [&hellip;]<\/p>\n","protected":false},"author":2,"featured_media":238527,"comment_status":"closed","ping_status":"closed","sticky":false,"template":"","format":"standard","meta":{"footnotes":""},"categories":[12870,178],"tags":[12865,12869],"class_list":["post-238526","post","type-post","status-publish","format-standard","has-post-thumbnail","hentry","category-destacadas","category-local","tag-destacadas","tag-local"],"jetpack_featured_media_url":"https:\/\/rnoticias.com.mx\/Portal\/wp-content\/uploads\/2025\/12\/descarga-9.jpeg","amp_enabled":true,"_links":{"self":[{"href":"https:\/\/rnoticias.com.mx\/Portal\/wp-json\/wp\/v2\/posts\/238526","targetHints":{"allow":["GET"]}}],"collection":[{"href":"https:\/\/rnoticias.com.mx\/Portal\/wp-json\/wp\/v2\/posts"}],"about":[{"href":"https:\/\/rnoticias.com.mx\/Portal\/wp-json\/wp\/v2\/types\/post"}],"author":[{"embeddable":true,"href":"https:\/\/rnoticias.com.mx\/Portal\/wp-json\/wp\/v2\/users\/2"}],"replies":[{"embeddable":true,"href":"https:\/\/rnoticias.com.mx\/Portal\/wp-json\/wp\/v2\/comments?post=238526"}],"version-history":[{"count":1,"href":"https:\/\/rnoticias.com.mx\/Portal\/wp-json\/wp\/v2\/posts\/238526\/revisions"}],"predecessor-version":[{"id":238528,"href":"https:\/\/rnoticias.com.mx\/Portal\/wp-json\/wp\/v2\/posts\/238526\/revisions\/238528"}],"wp:featuredmedia":[{"embeddable":true,"href":"https:\/\/rnoticias.com.mx\/Portal\/wp-json\/wp\/v2\/media\/238527"}],"wp:attachment":[{"href":"https:\/\/rnoticias.com.mx\/Portal\/wp-json\/wp\/v2\/media?parent=238526"}],"wp:term":[{"taxonomy":"category","embeddable":true,"href":"https:\/\/rnoticias.com.mx\/Portal\/wp-json\/wp\/v2\/categories?post=238526"},{"taxonomy":"post_tag","embeddable":true,"href":"https:\/\/rnoticias.com.mx\/Portal\/wp-json\/wp\/v2\/tags?post=238526"}],"curies":[{"name":"wp","href":"https:\/\/api.w.org\/{rel}","templated":true}]}}