{"id":238295,"date":"2025-12-13T09:37:43","date_gmt":"2025-12-13T16:37:43","guid":{"rendered":"https:\/\/rnoticias.com.mx\/Portal\/?p=238295"},"modified":"2025-12-13T09:37:43","modified_gmt":"2025-12-13T16:37:43","slug":"actores-acusan-a-jesus-ochoa-por-desfalco-millonario","status":"publish","type":"post","link":"https:\/\/rnoticias.com.mx\/Portal\/2025\/12\/13\/actores-acusan-a-jesus-ochoa-por-desfalco-millonario\/","title":{"rendered":"Actores acusan a Jes\u00fas Ochoa por desfalco millonario"},"content":{"rendered":"<p>El actor\u00a0<strong>Jes\u00fas Ochoa<\/strong>, exdirigente de la\u00a0<strong>Asociaci\u00f3n Nacional de Actores<\/strong>\u00a0(ANDA), actualmente se encuentra en la pol\u00e9mica por enfrentar dos\u00a0<strong>denuncias<\/strong>\u00a0por un presunto\u00a0<strong>desfalco millonario<\/strong>\u00a0al fondo de retiro de actores afiliados a la organizaci\u00f3n.<\/p>\n<p>Un grupo de actores interpusieron una demanda colectiva en contra de Ochoa y le exigen rendir cuentas por lo que califican como un uso indebido de los recursos de\u00a0<strong>jubilaci\u00f3n<\/strong>, que equivalen a 50 millones de pesos.<\/p>\n<p>Adem\u00e1s, al se\u00f1alado se le reclama un presunto mal manejo administrativo, incluyendo deudas con el fisco y una falta de rendici\u00f3n de cuentas. Entre los denunciantes, que provienen de diversos miembros prominentes de la ANDA, destacan\u00a0<strong>Carlos Speitzer<\/strong>,\u00a0<strong>Laura Zapata<\/strong>\u00a0y\u00a0<strong>Eric del Castillo<\/strong>.<\/p>\n<p>&nbsp;<\/p>\n<p>Fuente: MSN<\/p>\n","protected":false},"excerpt":{"rendered":"<p>El actor\u00a0Jes\u00fas Ochoa, exdirigente de la\u00a0Asociaci\u00f3n Nacional de Actores\u00a0(ANDA), actualmente se encuentra en la pol\u00e9mica por enfrentar dos\u00a0denuncias\u00a0por un presunto\u00a0desfalco millonario\u00a0al fondo de retiro de actores afiliados a la organizaci\u00f3n. Un grupo de actores interpusieron una demanda colectiva en contra de Ochoa y le exigen rendir cuentas por lo que califican como un uso indebido [&hellip;]<\/p>\n","protected":false},"author":2,"featured_media":238296,"comment_status":"closed","ping_status":"closed","sticky":false,"template":"","format":"standard","meta":{"footnotes":""},"categories":[12870,219],"tags":[12865,12875],"class_list":["post-238295","post","type-post","status-publish","format-standard","has-post-thumbnail","hentry","category-destacadas","category-espectaculos","tag-destacadas","tag-espectaculos"],"jetpack_featured_media_url":"https:\/\/rnoticias.com.mx\/Portal\/wp-content\/uploads\/2025\/12\/6f08a260-4dce-11ea-bdd1-57826555d1ad.webp","amp_enabled":true,"_links":{"self":[{"href":"https:\/\/rnoticias.com.mx\/Portal\/wp-json\/wp\/v2\/posts\/238295","targetHints":{"allow":["GET"]}}],"collection":[{"href":"https:\/\/rnoticias.com.mx\/Portal\/wp-json\/wp\/v2\/posts"}],"about":[{"href":"https:\/\/rnoticias.com.mx\/Portal\/wp-json\/wp\/v2\/types\/post"}],"author":[{"embeddable":true,"href":"https:\/\/rnoticias.com.mx\/Portal\/wp-json\/wp\/v2\/users\/2"}],"replies":[{"embeddable":true,"href":"https:\/\/rnoticias.com.mx\/Portal\/wp-json\/wp\/v2\/comments?post=238295"}],"version-history":[{"count":1,"href":"https:\/\/rnoticias.com.mx\/Portal\/wp-json\/wp\/v2\/posts\/238295\/revisions"}],"predecessor-version":[{"id":238297,"href":"https:\/\/rnoticias.com.mx\/Portal\/wp-json\/wp\/v2\/posts\/238295\/revisions\/238297"}],"wp:featuredmedia":[{"embeddable":true,"href":"https:\/\/rnoticias.com.mx\/Portal\/wp-json\/wp\/v2\/media\/238296"}],"wp:attachment":[{"href":"https:\/\/rnoticias.com.mx\/Portal\/wp-json\/wp\/v2\/media?parent=238295"}],"wp:term":[{"taxonomy":"category","embeddable":true,"href":"https:\/\/rnoticias.com.mx\/Portal\/wp-json\/wp\/v2\/categories?post=238295"},{"taxonomy":"post_tag","embeddable":true,"href":"https:\/\/rnoticias.com.mx\/Portal\/wp-json\/wp\/v2\/tags?post=238295"}],"curies":[{"name":"wp","href":"https:\/\/api.w.org\/{rel}","templated":true}]}}