{"id":238173,"date":"2025-12-11T20:47:28","date_gmt":"2025-12-12T03:47:28","guid":{"rendered":"https:\/\/rnoticias.com.mx\/Portal\/?p=238173"},"modified":"2025-12-11T20:47:28","modified_gmt":"2025-12-12T03:47:28","slug":"sonora-lidera-crecimiento-industrial-del-pais-gracias-a-la-estrategia-economica-de-gobernador-durazo-y-presidenta-sheinbaum","status":"publish","type":"post","link":"https:\/\/rnoticias.com.mx\/Portal\/2025\/12\/11\/sonora-lidera-crecimiento-industrial-del-pais-gracias-a-la-estrategia-economica-de-gobernador-durazo-y-presidenta-sheinbaum\/","title":{"rendered":"Sonora lidera crecimiento industrial del pa\u00eds gracias a la estrategia econ\u00f3mica de Gobernador Durazo y Presidenta Sheinbaum"},"content":{"rendered":"<p>Hermosillo, Sonora; 11 diciembre de 2025.- Sonora se coloc\u00f3 como el estado con mayor crecimiento industrial del pa\u00eds durante agosto, al registrar una tasa desestacionalizada mensual del 10.9 por ciento, resultado que refleja el impacto positivo de la pol\u00edtica econ\u00f3mica promovida por el gobernador Alfonso Durazo Monta\u00f1o, con el apoyo de la presidenta Claudia Sheinbaum Pardo.<\/p>\n<p>De acuerdo con el Indicador Mensual de la Actividad Industrial por Entidad Federativa (Imaiee) del Instituto Nacional de Estad\u00edstica y Geograf\u00eda (INEGI) este avance fue impulsado principalmente por la industria manufacturera, que report\u00f3 un incremento interanual del 5.8 por ciento. Dentro de este sector destaca la manufactura avanzada, considerada pieza clave del Plan Sonora de Energ\u00eda Sostenible, al alcanzar un crecimiento del 11.4 por ciento, consolid\u00e1ndose como uno de los motores m\u00e1s relevantes de la expansi\u00f3n industrial y de la creaci\u00f3n de empleos especializados.<\/p>\n<p>\u201cEste impulso no es casualidad, es el resultado del trabajo que estamos haciendo. La manufactura avanzada, columna vertebral del Plan Sonora, creci\u00f3 11.4 por ciento y nuestra industria sigui\u00f3 tomando fuerza con un aumento anual del 5.8 por ciento; a esto se suma la construcci\u00f3n que avanz\u00f3 15.4 por ciento, gracias al arranque del Programa de Vivienda del Bienestar, impulsado por nuestra presidenta Claudia Sheinbaum\u201d, se\u00f1al\u00f3 el mandatario estatal.<\/p>\n<p>A este crecimiento se sum\u00f3 el desempe\u00f1o de la industria de la construcci\u00f3n, que alcanz\u00f3 un incremento interanual del 15.4 por ciento, impulsado en gran parte por el arranque del Programa de Viviendas del Bienestar, una iniciativa implementada en conjunto por los Gobiernos de M\u00e9xico y de Sonora, orientada a reducir el rezago habitacional y generar empleos locales.<\/p>\n<p>El gobernador Alfonso Durazo subray\u00f3 que estos avances confirman el rumbo firme de las pol\u00edticas econ\u00f3micas desempe\u00f1adas en Sonora, enfocadas en el fortalecimiento de sectores estrat\u00e9gicos y la generaci\u00f3n de empleos bien remunerados.<\/p>\n","protected":false},"excerpt":{"rendered":"<p>Hermosillo, Sonora; 11 diciembre de 2025.- Sonora se coloc\u00f3 como el estado con mayor crecimiento industrial del pa\u00eds durante agosto, al registrar una tasa desestacionalizada mensual del 10.9 por ciento, resultado que refleja el impacto positivo de la pol\u00edtica econ\u00f3mica promovida por el gobernador Alfonso Durazo Monta\u00f1o, con el apoyo de la presidenta Claudia Sheinbaum [&hellip;]<\/p>\n","protected":false},"author":2,"featured_media":238174,"comment_status":"closed","ping_status":"closed","sticky":false,"template":"","format":"standard","meta":{"footnotes":""},"categories":[12870,178],"tags":[12865,12869],"class_list":["post-238173","post","type-post","status-publish","format-standard","has-post-thumbnail","hentry","category-destacadas","category-local","tag-destacadas","tag-local"],"jetpack_featured_media_url":"https:\/\/rnoticias.com.mx\/Portal\/wp-content\/uploads\/2025\/12\/df083a12-a9aa-4060-85cb-04d710201719.jpeg","amp_enabled":true,"_links":{"self":[{"href":"https:\/\/rnoticias.com.mx\/Portal\/wp-json\/wp\/v2\/posts\/238173","targetHints":{"allow":["GET"]}}],"collection":[{"href":"https:\/\/rnoticias.com.mx\/Portal\/wp-json\/wp\/v2\/posts"}],"about":[{"href":"https:\/\/rnoticias.com.mx\/Portal\/wp-json\/wp\/v2\/types\/post"}],"author":[{"embeddable":true,"href":"https:\/\/rnoticias.com.mx\/Portal\/wp-json\/wp\/v2\/users\/2"}],"replies":[{"embeddable":true,"href":"https:\/\/rnoticias.com.mx\/Portal\/wp-json\/wp\/v2\/comments?post=238173"}],"version-history":[{"count":1,"href":"https:\/\/rnoticias.com.mx\/Portal\/wp-json\/wp\/v2\/posts\/238173\/revisions"}],"predecessor-version":[{"id":238175,"href":"https:\/\/rnoticias.com.mx\/Portal\/wp-json\/wp\/v2\/posts\/238173\/revisions\/238175"}],"wp:featuredmedia":[{"embeddable":true,"href":"https:\/\/rnoticias.com.mx\/Portal\/wp-json\/wp\/v2\/media\/238174"}],"wp:attachment":[{"href":"https:\/\/rnoticias.com.mx\/Portal\/wp-json\/wp\/v2\/media?parent=238173"}],"wp:term":[{"taxonomy":"category","embeddable":true,"href":"https:\/\/rnoticias.com.mx\/Portal\/wp-json\/wp\/v2\/categories?post=238173"},{"taxonomy":"post_tag","embeddable":true,"href":"https:\/\/rnoticias.com.mx\/Portal\/wp-json\/wp\/v2\/tags?post=238173"}],"curies":[{"name":"wp","href":"https:\/\/api.w.org\/{rel}","templated":true}]}}