{"id":238149,"date":"2025-12-11T20:22:43","date_gmt":"2025-12-12T03:22:43","guid":{"rendered":"https:\/\/rnoticias.com.mx\/Portal\/?p=238149"},"modified":"2025-12-11T20:22:43","modified_gmt":"2025-12-12T03:22:43","slug":"sonora-impulsa-un-nuevo-modelo-de-justicia-para-mujeres","status":"publish","type":"post","link":"https:\/\/rnoticias.com.mx\/Portal\/2025\/12\/11\/sonora-impulsa-un-nuevo-modelo-de-justicia-para-mujeres\/","title":{"rendered":"Sonora impulsa un nuevo modelo de justicia para mujeres"},"content":{"rendered":"<p>Hermosillo, Sonora. En 2025, la Secretar\u00eda de las Mujeres consolid\u00f3 uno de los pasos m\u00e1s significativos en la protecci\u00f3n de derechos con la instalaci\u00f3n de la primera Defensor\u00eda de las Mujeres, un organismo que marca un antes y un despu\u00e9s en la historia de Sonora.<\/p>\n<p>&nbsp;<\/p>\n<p>Su titular, Sheila Hern\u00e1ndez Alcaraz, resalt\u00f3 que por primera vez existe una instancia dedicada exclusivamente a ofrecer representaci\u00f3n legal gratuita en procesos familiares, penales y laborales, garantizando que mujeres en situaci\u00f3n de violencia accedan a la justicia sin barreras econ\u00f3micas ni institucionales.<\/p>\n<p>&nbsp;<\/p>\n<p>\u201cEste avance se articula con el trabajo de los 19 Centros Libre, donde se brindaron m\u00e1s de 28 mil servicios integrales, que incluyen acompa\u00f1amiento psicoemocional, asesor\u00edas jur\u00eddicas, apoyo comunitario y acciones de contenci\u00f3n para quienes atraviesan situaciones de riesgo\u201d, precis\u00f3.<\/p>\n<p>&nbsp;<\/p>\n<p>La funcionaria explic\u00f3, que estos espacios se han convertido en un punto de apoyo esencial para miles de mujeres y sus familias.<\/p>\n<p>&nbsp;<\/p>\n<p>Adem\u00e1s, durante este 2025, mencion\u00f3, se han otorgado m\u00e1s de 14 mil atenciones en psicolog\u00eda, trabajo social y gesti\u00f3n social, fortaleciendo la red de atenci\u00f3n estatal.<\/p>\n<p>&nbsp;<\/p>\n<p>\u201cA ello hay que sumarle la implementaci\u00f3n del programa Abogadas de las Mujeres, que acerca orientaci\u00f3n jur\u00eddica especializada a m\u00e1s municipios, y la creaci\u00f3n del primer Centro Especializado de Capacitaci\u00f3n con Enfoque de G\u00e9nero, \u00fanico en el pa\u00eds, destinado a profesionalizar a personal que trabaja en temas de igualdad, prevenci\u00f3n y respuesta a las violencias\u201d, finaliz\u00f3.<\/p>\n","protected":false},"excerpt":{"rendered":"<p>Hermosillo, Sonora. En 2025, la Secretar\u00eda de las Mujeres consolid\u00f3 uno de los pasos m\u00e1s significativos en la protecci\u00f3n de derechos con la instalaci\u00f3n de la primera Defensor\u00eda de las Mujeres, un organismo que marca un antes y un despu\u00e9s en la historia de Sonora. &nbsp; Su titular, Sheila Hern\u00e1ndez Alcaraz, resalt\u00f3 que por primera [&hellip;]<\/p>\n","protected":false},"author":2,"featured_media":238150,"comment_status":"closed","ping_status":"closed","sticky":false,"template":"","format":"standard","meta":{"footnotes":""},"categories":[12870,178],"tags":[12865,12869],"class_list":["post-238149","post","type-post","status-publish","format-standard","has-post-thumbnail","hentry","category-destacadas","category-local","tag-destacadas","tag-local"],"jetpack_featured_media_url":"https:\/\/rnoticias.com.mx\/Portal\/wp-content\/uploads\/2025\/12\/23-1.jpg","amp_enabled":true,"_links":{"self":[{"href":"https:\/\/rnoticias.com.mx\/Portal\/wp-json\/wp\/v2\/posts\/238149","targetHints":{"allow":["GET"]}}],"collection":[{"href":"https:\/\/rnoticias.com.mx\/Portal\/wp-json\/wp\/v2\/posts"}],"about":[{"href":"https:\/\/rnoticias.com.mx\/Portal\/wp-json\/wp\/v2\/types\/post"}],"author":[{"embeddable":true,"href":"https:\/\/rnoticias.com.mx\/Portal\/wp-json\/wp\/v2\/users\/2"}],"replies":[{"embeddable":true,"href":"https:\/\/rnoticias.com.mx\/Portal\/wp-json\/wp\/v2\/comments?post=238149"}],"version-history":[{"count":1,"href":"https:\/\/rnoticias.com.mx\/Portal\/wp-json\/wp\/v2\/posts\/238149\/revisions"}],"predecessor-version":[{"id":238151,"href":"https:\/\/rnoticias.com.mx\/Portal\/wp-json\/wp\/v2\/posts\/238149\/revisions\/238151"}],"wp:featuredmedia":[{"embeddable":true,"href":"https:\/\/rnoticias.com.mx\/Portal\/wp-json\/wp\/v2\/media\/238150"}],"wp:attachment":[{"href":"https:\/\/rnoticias.com.mx\/Portal\/wp-json\/wp\/v2\/media?parent=238149"}],"wp:term":[{"taxonomy":"category","embeddable":true,"href":"https:\/\/rnoticias.com.mx\/Portal\/wp-json\/wp\/v2\/categories?post=238149"},{"taxonomy":"post_tag","embeddable":true,"href":"https:\/\/rnoticias.com.mx\/Portal\/wp-json\/wp\/v2\/tags?post=238149"}],"curies":[{"name":"wp","href":"https:\/\/api.w.org\/{rel}","templated":true}]}}