{"id":238146,"date":"2025-12-11T17:05:52","date_gmt":"2025-12-12T00:05:52","guid":{"rendered":"https:\/\/rnoticias.com.mx\/Portal\/?p=238146"},"modified":"2025-12-11T17:05:52","modified_gmt":"2025-12-12T00:05:52","slug":"comerciantes-del-centro-coinciden-ventas-decembrinas-no-han-repuntado-como-se-esperaba","status":"publish","type":"post","link":"https:\/\/rnoticias.com.mx\/Portal\/2025\/12\/11\/comerciantes-del-centro-coinciden-ventas-decembrinas-no-han-repuntado-como-se-esperaba\/","title":{"rendered":"Comerciantes del Centro Coinciden: Ventas Decembrinas No Han Repuntado Como se Esperaba"},"content":{"rendered":"<p>Comerciantes del centro de Hermosillo aseguran que la temporada decembrina no ha tenido el impulso habitual. Aunque el movimiento de gente ha aumentado en los \u00faltimos d\u00edas, las ventas no reflejan la misma tendencia y, en algunos giros, se reportan ca\u00eddas de hasta 40% respecto a a\u00f1os anteriores.<\/p>\n<p>&nbsp;<\/p>\n<p>En un sondeo realizado por Radio Sonora con vendedores de ropa, dulces y art\u00edculos electr\u00f3nicos coinciden en que 2024 ha sido un a\u00f1o complicado y que diciembre, tradicionalmente su mejor mes, no ha iniciado con la fuerza esperada.<\/p>\n<p>&nbsp;<\/p>\n<p>\u201cPues a veces est\u00e1 como, o sea, a veces est\u00e1 bien y otros d\u00edas no. Hay m\u00e1s gente, los fines de semana\u201d<\/p>\n<p>&nbsp;<\/p>\n<p>\u201cPues la venta no est\u00e1 como deber\u00eda estar como otros a\u00f1os, la verdad,\u00a0yo creo que ha bajado, ha sido como un 30, un 40% la venta a comparaci\u00f3n con otros a\u00f1os, con la situaci\u00f3n de las escuelas, pues que eliminaron los dulces por las calor\u00edas y todo eso, ha bajado mucho el consumo, \u00bfno?\u201d<\/p>\n<p>&nbsp;<\/p>\n<p>\u201cPues, con respecto a a\u00f1os anteriores est\u00e1n bajas, siguen siendo buenas, \u00bfno?\u00a0Y uno sigue esperando que repunten, pero por ejemplo este fin de semana, que fue el primer fin de semana de la temporada,\u00a0pues no se vio, no hubo las ventas como esperaba, pero espero yo que se mejoren\u201d.<\/p>\n<p>&nbsp;<\/p>\n<p>Finalmente, todos los entrevistados coincidieron que factores como los recientes incidentes en la zona entre ellos el incendio en Waldos y fallas el\u00e9ctricas, han generado temor entre clientes y reducido la afluencia en algunas calles, pero esperan que ese panorama pueda cambiar previo se acerque m\u00e1s la navidad.<\/p>\n<p>&nbsp;<\/p>\n<p>A pesar del panorama, mantienen la esperanza de que las ventas repunten entre el 17 y el 24 de diciembre, periodo que hist\u00f3ricamente concentra la mayor actividad. Conf\u00edan en que la proximidad de Navidad reactive la compra de regalos, ropa, dulces y accesorios, permitiendo al menos cerrar el a\u00f1o con un \u201ccolch\u00f3n\u201d que compense los meses flojos.<\/p>\n","protected":false},"excerpt":{"rendered":"<p>Comerciantes del centro de Hermosillo aseguran que la temporada decembrina no ha tenido el impulso habitual. Aunque el movimiento de gente ha aumentado en los \u00faltimos d\u00edas, las ventas no reflejan la misma tendencia y, en algunos giros, se reportan ca\u00eddas de hasta 40% respecto a a\u00f1os anteriores. &nbsp; En un sondeo realizado por Radio [&hellip;]<\/p>\n","protected":false},"author":2,"featured_media":238147,"comment_status":"closed","ping_status":"closed","sticky":false,"template":"","format":"standard","meta":{"footnotes":""},"categories":[12870,178],"tags":[12865,12869],"class_list":["post-238146","post","type-post","status-publish","format-standard","has-post-thumbnail","hentry","category-destacadas","category-local","tag-destacadas","tag-local"],"jetpack_featured_media_url":"https:\/\/rnoticias.com.mx\/Portal\/wp-content\/uploads\/2025\/12\/AA1wrhzv.jpeg","amp_enabled":true,"_links":{"self":[{"href":"https:\/\/rnoticias.com.mx\/Portal\/wp-json\/wp\/v2\/posts\/238146","targetHints":{"allow":["GET"]}}],"collection":[{"href":"https:\/\/rnoticias.com.mx\/Portal\/wp-json\/wp\/v2\/posts"}],"about":[{"href":"https:\/\/rnoticias.com.mx\/Portal\/wp-json\/wp\/v2\/types\/post"}],"author":[{"embeddable":true,"href":"https:\/\/rnoticias.com.mx\/Portal\/wp-json\/wp\/v2\/users\/2"}],"replies":[{"embeddable":true,"href":"https:\/\/rnoticias.com.mx\/Portal\/wp-json\/wp\/v2\/comments?post=238146"}],"version-history":[{"count":1,"href":"https:\/\/rnoticias.com.mx\/Portal\/wp-json\/wp\/v2\/posts\/238146\/revisions"}],"predecessor-version":[{"id":238148,"href":"https:\/\/rnoticias.com.mx\/Portal\/wp-json\/wp\/v2\/posts\/238146\/revisions\/238148"}],"wp:featuredmedia":[{"embeddable":true,"href":"https:\/\/rnoticias.com.mx\/Portal\/wp-json\/wp\/v2\/media\/238147"}],"wp:attachment":[{"href":"https:\/\/rnoticias.com.mx\/Portal\/wp-json\/wp\/v2\/media?parent=238146"}],"wp:term":[{"taxonomy":"category","embeddable":true,"href":"https:\/\/rnoticias.com.mx\/Portal\/wp-json\/wp\/v2\/categories?post=238146"},{"taxonomy":"post_tag","embeddable":true,"href":"https:\/\/rnoticias.com.mx\/Portal\/wp-json\/wp\/v2\/tags?post=238146"}],"curies":[{"name":"wp","href":"https:\/\/api.w.org\/{rel}","templated":true}]}}