{"id":238143,"date":"2025-12-11T17:04:21","date_gmt":"2025-12-12T00:04:21","guid":{"rendered":"https:\/\/rnoticias.com.mx\/Portal\/?p=238143"},"modified":"2025-12-11T17:04:21","modified_gmt":"2025-12-12T00:04:21","slug":"fundacion-nueva-generacion-sonora-llama-a-reforzar-la-presencia-adulta-y-reducir-pantallas-en-esta-navidad","status":"publish","type":"post","link":"https:\/\/rnoticias.com.mx\/Portal\/2025\/12\/11\/fundacion-nueva-generacion-sonora-llama-a-reforzar-la-presencia-adulta-y-reducir-pantallas-en-esta-navidad\/","title":{"rendered":"Fundaci\u00f3n Nueva Generaci\u00f3n Sonora llama a reforzar la presencia adulta y reducir pantallas en esta Navidad"},"content":{"rendered":"<p>Hermosillo, Sonora. La Fundaci\u00f3n Nueva Generaci\u00f3n Sonora hizo un llamado a madres, padres y cuidadores a fortalecer la presencia adulta en el hogar durante las fiestas decembrinas, promoviendo momentos de convivencia que ayuden a ni\u00f1as, ni\u00f1os y adolescentes a disminuir su dependencia a los dispositivos electr\u00f3nicos.<\/p>\n<p>&nbsp;<\/p>\n<p>Su directora, Michelle Lucero, record\u00f3 que el 99.7% de los menores en Sonora tiene acceso a un aparato digital y que la vida en internet inicia, en promedio, desde los 8 a\u00f1os, con hasta seis horas diarias de conexi\u00f3n.<\/p>\n<p>&nbsp;<\/p>\n<p>\u201cEsta realidad incrementa riesgos como la exposici\u00f3n a contenido inapropiado, alteraciones en el sue\u00f1o, cambios de \u00e1nimo y menor interacci\u00f3n familiar. Por ello, insistimos en que la Navidad es una oportunidad ideal para reconectar, conversar y establecer l\u00edmites que favorezcan su bienestar emocional\u201d, asever\u00f3.<\/p>\n<p>&nbsp;<\/p>\n<p>Agreg\u00f3 que solo 5% de los menores manifiesta sentirse completamente seguro en internet, lo que evidencia la necesidad del acompa\u00f1amiento permanente.<\/p>\n<p>&nbsp;<\/p>\n<p>Por \u00faltimo, subray\u00f3 que la Fundaci\u00f3n tiene una perspectiva, que el bienestar digital depende no solo del tiempo frente a las pantallas, sino del apoyo afectivo, la supervisi\u00f3n y la calidad de las actividades que se realizan fuera de l\u00ednea.<\/p>\n<p>&nbsp;<\/p>\n<p>\u201cInvitamos a las familias a organizar juegos, convivencias y momentos de descanso que fortalezcan lazos y fomenten h\u00e1bitos digitales m\u00e1s saludables\u201d, culmin\u00f3.<\/p>\n<p>&nbsp;<\/p>\n","protected":false},"excerpt":{"rendered":"<p>Hermosillo, Sonora. La Fundaci\u00f3n Nueva Generaci\u00f3n Sonora hizo un llamado a madres, padres y cuidadores a fortalecer la presencia adulta en el hogar durante las fiestas decembrinas, promoviendo momentos de convivencia que ayuden a ni\u00f1as, ni\u00f1os y adolescentes a disminuir su dependencia a los dispositivos electr\u00f3nicos. &nbsp; Su directora, Michelle Lucero, record\u00f3 que el 99.7% [&hellip;]<\/p>\n","protected":false},"author":2,"featured_media":238144,"comment_status":"closed","ping_status":"closed","sticky":false,"template":"","format":"standard","meta":{"footnotes":""},"categories":[12870,178],"tags":[12865,12869],"class_list":["post-238143","post","type-post","status-publish","format-standard","has-post-thumbnail","hentry","category-destacadas","category-local","tag-destacadas","tag-local"],"jetpack_featured_media_url":"https:\/\/rnoticias.com.mx\/Portal\/wp-content\/uploads\/2025\/12\/nino-feliz-desenvolver-sus-regalos-navidad-casa_93675-134543.jpg","amp_enabled":true,"_links":{"self":[{"href":"https:\/\/rnoticias.com.mx\/Portal\/wp-json\/wp\/v2\/posts\/238143","targetHints":{"allow":["GET"]}}],"collection":[{"href":"https:\/\/rnoticias.com.mx\/Portal\/wp-json\/wp\/v2\/posts"}],"about":[{"href":"https:\/\/rnoticias.com.mx\/Portal\/wp-json\/wp\/v2\/types\/post"}],"author":[{"embeddable":true,"href":"https:\/\/rnoticias.com.mx\/Portal\/wp-json\/wp\/v2\/users\/2"}],"replies":[{"embeddable":true,"href":"https:\/\/rnoticias.com.mx\/Portal\/wp-json\/wp\/v2\/comments?post=238143"}],"version-history":[{"count":1,"href":"https:\/\/rnoticias.com.mx\/Portal\/wp-json\/wp\/v2\/posts\/238143\/revisions"}],"predecessor-version":[{"id":238145,"href":"https:\/\/rnoticias.com.mx\/Portal\/wp-json\/wp\/v2\/posts\/238143\/revisions\/238145"}],"wp:featuredmedia":[{"embeddable":true,"href":"https:\/\/rnoticias.com.mx\/Portal\/wp-json\/wp\/v2\/media\/238144"}],"wp:attachment":[{"href":"https:\/\/rnoticias.com.mx\/Portal\/wp-json\/wp\/v2\/media?parent=238143"}],"wp:term":[{"taxonomy":"category","embeddable":true,"href":"https:\/\/rnoticias.com.mx\/Portal\/wp-json\/wp\/v2\/categories?post=238143"},{"taxonomy":"post_tag","embeddable":true,"href":"https:\/\/rnoticias.com.mx\/Portal\/wp-json\/wp\/v2\/tags?post=238143"}],"curies":[{"name":"wp","href":"https:\/\/api.w.org\/{rel}","templated":true}]}}