{"id":238140,"date":"2025-12-11T16:56:51","date_gmt":"2025-12-11T23:56:51","guid":{"rendered":"https:\/\/rnoticias.com.mx\/Portal\/?p=238140"},"modified":"2025-12-11T16:56:51","modified_gmt":"2025-12-11T23:56:51","slug":"eu-realizara-inspeccion-clave-en-sonora-rumbo-a-la-reapertura-ganadera","status":"publish","type":"post","link":"https:\/\/rnoticias.com.mx\/Portal\/2025\/12\/11\/eu-realizara-inspeccion-clave-en-sonora-rumbo-a-la-reapertura-ganadera\/","title":{"rendered":"EU realizar\u00e1 inspecci\u00f3n clave en Sonora rumbo a la reapertura ganadera"},"content":{"rendered":"<p>La Uni\u00f3n Ganadera Regional de Sonora, inform\u00f3 que inspectores del Servicio de Inspecci\u00f3n de Sanidad Animal y Vegetal de Estados Unidos, visitar\u00e1n el estado este 11 de diciembre para realizar un nuevo an\u00e1lisis en las cuarentenarias de Douglas y Agua Prieta.<\/p>\n<p>&nbsp;<\/p>\n<p>Su presidente, Juan Ochoa Valenzuela, dio a conocer que esta revisi\u00f3n t\u00e9cnica ser\u00e1 determinante para evaluar si existen las condiciones sanitarias necesarias para avanzar hacia la reapertura de la frontera a la exportaci\u00f3n de ganado sonorense.<\/p>\n<p>&nbsp;<\/p>\n<p>\u201cEsa es una revisi\u00f3n t\u00e9cnica para ver instalaciones, de ah\u00ed vendr\u00e1 alguna noticia por parte de la secretaria Rollins. Tambi\u00e9n ayer hablaba con el doctor Ayala de Senasica y hoy van ellos para Washington. Todo apunta que se est\u00e1 negociando. Lo que tambi\u00e9n s\u00e9 es que de momento est\u00e1n pensando en abrir una sola frontera que ser\u00eda la de nosotros\u201d, dijo.<\/p>\n<p>&nbsp;<\/p>\n<p>Ochoa Valenzuela destac\u00f3 que, si los resultados son favorables, en enero podr\u00eda definirse una fecha formal para reactivar el cruce. A\u00f1adi\u00f3 que, en las negociaciones con autoridades estadounidenses, se contempla que solo una frontera sea autorizada inicialmente, y Sonora se perfila como la opci\u00f3n m\u00e1s viable por su estatus sanitario.<\/p>\n<p>&nbsp;<\/p>\n<p>&nbsp;<\/p>\n","protected":false},"excerpt":{"rendered":"<p>La Uni\u00f3n Ganadera Regional de Sonora, inform\u00f3 que inspectores del Servicio de Inspecci\u00f3n de Sanidad Animal y Vegetal de Estados Unidos, visitar\u00e1n el estado este 11 de diciembre para realizar un nuevo an\u00e1lisis en las cuarentenarias de Douglas y Agua Prieta. &nbsp; Su presidente, Juan Ochoa Valenzuela, dio a conocer que esta revisi\u00f3n t\u00e9cnica ser\u00e1 [&hellip;]<\/p>\n","protected":false},"author":2,"featured_media":238141,"comment_status":"closed","ping_status":"closed","sticky":false,"template":"","format":"standard","meta":{"footnotes":""},"categories":[12870,178],"tags":[12865,12869],"class_list":["post-238140","post","type-post","status-publish","format-standard","has-post-thumbnail","hentry","category-destacadas","category-local","tag-destacadas","tag-local"],"jetpack_featured_media_url":"https:\/\/rnoticias.com.mx\/Portal\/wp-content\/uploads\/2025\/12\/aaa-58.jpeg","amp_enabled":true,"_links":{"self":[{"href":"https:\/\/rnoticias.com.mx\/Portal\/wp-json\/wp\/v2\/posts\/238140","targetHints":{"allow":["GET"]}}],"collection":[{"href":"https:\/\/rnoticias.com.mx\/Portal\/wp-json\/wp\/v2\/posts"}],"about":[{"href":"https:\/\/rnoticias.com.mx\/Portal\/wp-json\/wp\/v2\/types\/post"}],"author":[{"embeddable":true,"href":"https:\/\/rnoticias.com.mx\/Portal\/wp-json\/wp\/v2\/users\/2"}],"replies":[{"embeddable":true,"href":"https:\/\/rnoticias.com.mx\/Portal\/wp-json\/wp\/v2\/comments?post=238140"}],"version-history":[{"count":1,"href":"https:\/\/rnoticias.com.mx\/Portal\/wp-json\/wp\/v2\/posts\/238140\/revisions"}],"predecessor-version":[{"id":238142,"href":"https:\/\/rnoticias.com.mx\/Portal\/wp-json\/wp\/v2\/posts\/238140\/revisions\/238142"}],"wp:featuredmedia":[{"embeddable":true,"href":"https:\/\/rnoticias.com.mx\/Portal\/wp-json\/wp\/v2\/media\/238141"}],"wp:attachment":[{"href":"https:\/\/rnoticias.com.mx\/Portal\/wp-json\/wp\/v2\/media?parent=238140"}],"wp:term":[{"taxonomy":"category","embeddable":true,"href":"https:\/\/rnoticias.com.mx\/Portal\/wp-json\/wp\/v2\/categories?post=238140"},{"taxonomy":"post_tag","embeddable":true,"href":"https:\/\/rnoticias.com.mx\/Portal\/wp-json\/wp\/v2\/tags?post=238140"}],"curies":[{"name":"wp","href":"https:\/\/api.w.org\/{rel}","templated":true}]}}