{"id":238131,"date":"2025-12-11T16:30:30","date_gmt":"2025-12-11T23:30:30","guid":{"rendered":"https:\/\/rnoticias.com.mx\/Portal\/?p=238131"},"modified":"2025-12-11T16:30:30","modified_gmt":"2025-12-11T23:30:30","slug":"propone-diputado-rene-garcia-hacer-un-uso-mas-eficiente-de-los-bienes-asegurados","status":"publish","type":"post","link":"https:\/\/rnoticias.com.mx\/Portal\/2025\/12\/11\/propone-diputado-rene-garcia-hacer-un-uso-mas-eficiente-de-los-bienes-asegurados\/","title":{"rendered":"Propone diputado Ren\u00e9 Garc\u00eda hacer un uso m\u00e1s eficiente de los bienes asegurados"},"content":{"rendered":"<p>Hermosillo, Sonora; 11 de diciembre de 2025.- El diputado Ren\u00e9 Garc\u00eda Rojo (PT) present\u00f3 en sesi\u00f3n ordinaria de este jueves una iniciativa de reforma a la Ley para la Administraci\u00f3n de Bienes Asegurados, Decomisados o Abandonados, con el objetivo de respetar la autonom\u00eda de la Fiscal\u00eda General de Justicia del Estado (FGJE).<\/p>\n<p>El legislador detall\u00f3 que la propuesta busca actualizar el marco legal que regula los bienes bajo este estatus, mediante la eliminaci\u00f3n de la intervenci\u00f3n de otras dependencias en sus decisiones internas, particularmente en la designaci\u00f3n de la persona encargada de administrar dichos bienes.<\/p>\n<p>Explic\u00f3 que la iniciativa permitir\u00e1 agilizar y hacer m\u00e1s eficiente la administraci\u00f3n de los bienes asegurados mediante la reorganizaci\u00f3n del \u00f3rgano responsable de supervisarlos.<\/p>\n<p>Destac\u00f3 adem\u00e1s que la reforma reducir\u00eda costos al ampliar los casos en los que los bienes pueden venderse oportunamente, evitando gastos excesivos por su resguardo. En situaciones donde se acredite la devoluci\u00f3n, dijo, se entregar\u00e1 a la persona correspondiente un monto en efectivo equivalente.<\/p>\n<p>La propuesta tambi\u00e9n busca garantizar transparencia y responsabilidad al establecer procedimientos claros y controlados que aseguren un manejo legal de los bienes y permitan verificar su destino.<\/p>\n<p>La iniciativa fue turnada a la Comisi\u00f3n de Justicia y Derechos Humanos para su an\u00e1lisis y eventual dictaminaci\u00f3n.<\/p>\n","protected":false},"excerpt":{"rendered":"<p>Hermosillo, Sonora; 11 de diciembre de 2025.- El diputado Ren\u00e9 Garc\u00eda Rojo (PT) present\u00f3 en sesi\u00f3n ordinaria de este jueves una iniciativa de reforma a la Ley para la Administraci\u00f3n de Bienes Asegurados, Decomisados o Abandonados, con el objetivo de respetar la autonom\u00eda de la Fiscal\u00eda General de Justicia del Estado (FGJE). El legislador detall\u00f3 [&hellip;]<\/p>\n","protected":false},"author":2,"featured_media":238132,"comment_status":"closed","ping_status":"closed","sticky":false,"template":"","format":"standard","meta":{"footnotes":""},"categories":[12870,12868],"tags":[12865,12879],"class_list":["post-238131","post","type-post","status-publish","format-standard","has-post-thumbnail","hentry","category-destacadas","category-politica","tag-destacadas","tag-politica"],"jetpack_featured_media_url":"https:\/\/rnoticias.com.mx\/Portal\/wp-content\/uploads\/2025\/12\/3d1d4a81-4e6f-4f40-8f94-9651dc999060.jpeg","amp_enabled":true,"_links":{"self":[{"href":"https:\/\/rnoticias.com.mx\/Portal\/wp-json\/wp\/v2\/posts\/238131","targetHints":{"allow":["GET"]}}],"collection":[{"href":"https:\/\/rnoticias.com.mx\/Portal\/wp-json\/wp\/v2\/posts"}],"about":[{"href":"https:\/\/rnoticias.com.mx\/Portal\/wp-json\/wp\/v2\/types\/post"}],"author":[{"embeddable":true,"href":"https:\/\/rnoticias.com.mx\/Portal\/wp-json\/wp\/v2\/users\/2"}],"replies":[{"embeddable":true,"href":"https:\/\/rnoticias.com.mx\/Portal\/wp-json\/wp\/v2\/comments?post=238131"}],"version-history":[{"count":1,"href":"https:\/\/rnoticias.com.mx\/Portal\/wp-json\/wp\/v2\/posts\/238131\/revisions"}],"predecessor-version":[{"id":238133,"href":"https:\/\/rnoticias.com.mx\/Portal\/wp-json\/wp\/v2\/posts\/238131\/revisions\/238133"}],"wp:featuredmedia":[{"embeddable":true,"href":"https:\/\/rnoticias.com.mx\/Portal\/wp-json\/wp\/v2\/media\/238132"}],"wp:attachment":[{"href":"https:\/\/rnoticias.com.mx\/Portal\/wp-json\/wp\/v2\/media?parent=238131"}],"wp:term":[{"taxonomy":"category","embeddable":true,"href":"https:\/\/rnoticias.com.mx\/Portal\/wp-json\/wp\/v2\/categories?post=238131"},{"taxonomy":"post_tag","embeddable":true,"href":"https:\/\/rnoticias.com.mx\/Portal\/wp-json\/wp\/v2\/tags?post=238131"}],"curies":[{"name":"wp","href":"https:\/\/api.w.org\/{rel}","templated":true}]}}