{"id":238125,"date":"2025-12-11T08:43:08","date_gmt":"2025-12-11T15:43:08","guid":{"rendered":"https:\/\/rnoticias.com.mx\/Portal\/?p=238125"},"modified":"2025-12-11T08:43:08","modified_gmt":"2025-12-11T15:43:08","slug":"pedro-haces-rechaza-liga-de-catem-con-extorsionador","status":"publish","type":"post","link":"https:\/\/rnoticias.com.mx\/Portal\/2025\/12\/11\/pedro-haces-rechaza-liga-de-catem-con-extorsionador\/","title":{"rendered":"Pedro Haces rechaza liga de CATEM con extorsionador"},"content":{"rendered":"<p>El diputado federal de Morena Pedro Haces Barba neg\u00f3 que\u00a0Edgar\u00a0\u201cLimones\u201d, integrante de \u201cLos Cabrera\u201d, detenido en Durango por delitos de extorsi\u00f3n, tenga alg\u00fan v\u00ednculo con la Confederaci\u00f3n Aut\u00f3noma de Trabajadores y Empleados de M\u00e9xico (CATEM).<\/p>\n<p>En redes sociales, el tambi\u00e9n secretario de la CATEM hizo un llamado a atender la \u00fanica informaci\u00f3n oficial, que fue emitida por la Secretar\u00eda de Seguridad y Protecci\u00f3n Ciudadana (SSPC), dependencia que \u201cen ning\u00fan momento establece relaci\u00f3n alguna con nuestra organizaci\u00f3n\u201d.<\/p>\n<p><strong>Se\u00f1al\u00f3 que la Confederaci\u00f3n que dirige est\u00e1 construida con el esfuerzo honesto de cientos de miles de trabajadoras y trabajadores.<\/strong>\u00a0Por ello, \u201cno vamos a permitir que la mentira manche su trabajo ni la integridad de nuestra organizaci\u00f3n\u201d.<\/p>\n<p>\u201cFrente a la desinformaci\u00f3n que circula, quiero ser absolutamente claro: Edgar \u2018N\u2019, alias \u2018Limones\u2019 no tiene, ni ha tenido, ning\u00fan v\u00ednculo con CATEM\u201d, reiter\u00f3.<\/p>\n<p>El titular de la\u00a0SSPC,\u00a0Omar\u00a0Garc\u00eda\u00a0Harfuch, inform\u00f3 la captura de \u201cLimones\u201d y resalt\u00f3 que su detenci\u00f3n constituye un golpe a las redes de extorsi\u00f3n, en l\u00ednea con la Estrategia Nacional contra la Extorsi\u00f3n de la presidenta Claudia\u00a0Sheinbaum.<\/p>\n<p>\u201cEra investigado por extorsionar a comerciantes y ganaderos, as\u00ed como por operar las finanzas del grupo delictivo\u201d, apunta.<\/p>\n","protected":false},"excerpt":{"rendered":"<p>El diputado federal de Morena Pedro Haces Barba neg\u00f3 que\u00a0Edgar\u00a0\u201cLimones\u201d, integrante de \u201cLos Cabrera\u201d, detenido en Durango por delitos de extorsi\u00f3n, tenga alg\u00fan v\u00ednculo con la Confederaci\u00f3n Aut\u00f3noma de Trabajadores y Empleados de M\u00e9xico (CATEM). En redes sociales, el tambi\u00e9n secretario de la CATEM hizo un llamado a atender la \u00fanica informaci\u00f3n oficial, que fue [&hellip;]<\/p>\n","protected":false},"author":2,"featured_media":238126,"comment_status":"closed","ping_status":"closed","sticky":false,"template":"","format":"standard","meta":{"footnotes":""},"categories":[12870,12868],"tags":[12865,12879],"class_list":["post-238125","post","type-post","status-publish","format-standard","has-post-thumbnail","hentry","category-destacadas","category-politica","tag-destacadas","tag-politica"],"jetpack_featured_media_url":"https:\/\/rnoticias.com.mx\/Portal\/wp-content\/uploads\/2025\/12\/pedro-haces-barba.jpg","amp_enabled":true,"_links":{"self":[{"href":"https:\/\/rnoticias.com.mx\/Portal\/wp-json\/wp\/v2\/posts\/238125","targetHints":{"allow":["GET"]}}],"collection":[{"href":"https:\/\/rnoticias.com.mx\/Portal\/wp-json\/wp\/v2\/posts"}],"about":[{"href":"https:\/\/rnoticias.com.mx\/Portal\/wp-json\/wp\/v2\/types\/post"}],"author":[{"embeddable":true,"href":"https:\/\/rnoticias.com.mx\/Portal\/wp-json\/wp\/v2\/users\/2"}],"replies":[{"embeddable":true,"href":"https:\/\/rnoticias.com.mx\/Portal\/wp-json\/wp\/v2\/comments?post=238125"}],"version-history":[{"count":1,"href":"https:\/\/rnoticias.com.mx\/Portal\/wp-json\/wp\/v2\/posts\/238125\/revisions"}],"predecessor-version":[{"id":238127,"href":"https:\/\/rnoticias.com.mx\/Portal\/wp-json\/wp\/v2\/posts\/238125\/revisions\/238127"}],"wp:featuredmedia":[{"embeddable":true,"href":"https:\/\/rnoticias.com.mx\/Portal\/wp-json\/wp\/v2\/media\/238126"}],"wp:attachment":[{"href":"https:\/\/rnoticias.com.mx\/Portal\/wp-json\/wp\/v2\/media?parent=238125"}],"wp:term":[{"taxonomy":"category","embeddable":true,"href":"https:\/\/rnoticias.com.mx\/Portal\/wp-json\/wp\/v2\/categories?post=238125"},{"taxonomy":"post_tag","embeddable":true,"href":"https:\/\/rnoticias.com.mx\/Portal\/wp-json\/wp\/v2\/tags?post=238125"}],"curies":[{"name":"wp","href":"https:\/\/api.w.org\/{rel}","templated":true}]}}