{"id":238035,"date":"2025-12-10T20:02:41","date_gmt":"2025-12-11T03:02:41","guid":{"rendered":"https:\/\/rnoticias.com.mx\/Portal\/?p=238035"},"modified":"2025-12-10T20:02:41","modified_gmt":"2025-12-11T03:02:41","slug":"realizan-jornada-de-limpieza-en-el-deportivo-reforma-en-apoyo-a-adultos-mayores","status":"publish","type":"post","link":"https:\/\/rnoticias.com.mx\/Portal\/2025\/12\/10\/realizan-jornada-de-limpieza-en-el-deportivo-reforma-en-apoyo-a-adultos-mayores\/","title":{"rendered":"Realizan jornada de limpieza en el Deportivo Reforma en apoyo a adultos mayores"},"content":{"rendered":"<p>Integrantes de la asociaci\u00f3n ambiental Planeta Ra\u00edz realizaron una jornada de limpieza en el Deportivo Reforma, en apoyo a los adultos mayores que acuden diariamente a caminar y hacer ejercicio en el lugar.<\/p>\n<p>&nbsp;<\/p>\n<p>B\u00e1rbara Peralta Z\u00fa\u00f1iga, Ecolog\u00eda y cofundadora de esa organizaci\u00f3n, explic\u00f3 que la actividad se llev\u00f3 a cabo el pasado lunes por la tarde, tras la iniciativa de un vecino y usuario del sitio de nombre Tadeo, y quien solicit\u00f3 apoyo ante las condiciones de suciedad, poca iluminaci\u00f3n e inseguridad en el \u00e1rea.<\/p>\n<p>&nbsp;<\/p>\n<p>La mayor\u00eda fue este residuos inorg\u00e1nicos, la verdad, muy revuelta, todos los residuos que ya eran basura, realmente muy dif\u00edcil para poder separar y clasificar y reciclar, entonces todo se tuvo que revolver, hab\u00eda mucho como bolsas de papitas, muchos residuos, lamentablemente, de cervezas\u201d, cont\u00f3.<\/p>\n<p>&nbsp;<\/p>\n<p>En total se reunieron tres bolsas negras de basura de gran tama\u00f1o.<\/p>\n<p>La asociaci\u00f3n coordin\u00f3 con Servicios P\u00fablicos Municipales para la recolecci\u00f3n de los desechos que fueron varias bolsas negras y de la misma forma, llam\u00f3 a fortalecer la vigilancia as\u00ed como la recolecci\u00f3n peri\u00f3dica de basura en espacios deportivos de la ciudad.<\/p>\n","protected":false},"excerpt":{"rendered":"<p>Integrantes de la asociaci\u00f3n ambiental Planeta Ra\u00edz realizaron una jornada de limpieza en el Deportivo Reforma, en apoyo a los adultos mayores que acuden diariamente a caminar y hacer ejercicio en el lugar. &nbsp; B\u00e1rbara Peralta Z\u00fa\u00f1iga, Ecolog\u00eda y cofundadora de esa organizaci\u00f3n, explic\u00f3 que la actividad se llev\u00f3 a cabo el pasado lunes por [&hellip;]<\/p>\n","protected":false},"author":2,"featured_media":238036,"comment_status":"closed","ping_status":"closed","sticky":false,"template":"","format":"standard","meta":{"footnotes":""},"categories":[12870,178],"tags":[12865,12869],"class_list":["post-238035","post","type-post","status-publish","format-standard","has-post-thumbnail","hentry","category-destacadas","category-local","tag-destacadas","tag-local"],"jetpack_featured_media_url":"https:\/\/rnoticias.com.mx\/Portal\/wp-content\/uploads\/2025\/12\/007bef77-4858-4b9b-bc35-293730d46e55.jpeg","amp_enabled":true,"_links":{"self":[{"href":"https:\/\/rnoticias.com.mx\/Portal\/wp-json\/wp\/v2\/posts\/238035","targetHints":{"allow":["GET"]}}],"collection":[{"href":"https:\/\/rnoticias.com.mx\/Portal\/wp-json\/wp\/v2\/posts"}],"about":[{"href":"https:\/\/rnoticias.com.mx\/Portal\/wp-json\/wp\/v2\/types\/post"}],"author":[{"embeddable":true,"href":"https:\/\/rnoticias.com.mx\/Portal\/wp-json\/wp\/v2\/users\/2"}],"replies":[{"embeddable":true,"href":"https:\/\/rnoticias.com.mx\/Portal\/wp-json\/wp\/v2\/comments?post=238035"}],"version-history":[{"count":1,"href":"https:\/\/rnoticias.com.mx\/Portal\/wp-json\/wp\/v2\/posts\/238035\/revisions"}],"predecessor-version":[{"id":238037,"href":"https:\/\/rnoticias.com.mx\/Portal\/wp-json\/wp\/v2\/posts\/238035\/revisions\/238037"}],"wp:featuredmedia":[{"embeddable":true,"href":"https:\/\/rnoticias.com.mx\/Portal\/wp-json\/wp\/v2\/media\/238036"}],"wp:attachment":[{"href":"https:\/\/rnoticias.com.mx\/Portal\/wp-json\/wp\/v2\/media?parent=238035"}],"wp:term":[{"taxonomy":"category","embeddable":true,"href":"https:\/\/rnoticias.com.mx\/Portal\/wp-json\/wp\/v2\/categories?post=238035"},{"taxonomy":"post_tag","embeddable":true,"href":"https:\/\/rnoticias.com.mx\/Portal\/wp-json\/wp\/v2\/tags?post=238035"}],"curies":[{"name":"wp","href":"https:\/\/api.w.org\/{rel}","templated":true}]}}