{"id":238028,"date":"2025-12-10T08:57:05","date_gmt":"2025-12-10T15:57:05","guid":{"rendered":"https:\/\/rnoticias.com.mx\/Portal\/?p=238028"},"modified":"2025-12-10T08:57:05","modified_gmt":"2025-12-10T15:57:05","slug":"comision-de-quejas-y-denuncias-del-ine-resuelve-improcedentes-medidas-cautelares-solicitadas-por-el-partido-accion-nacional","status":"publish","type":"post","link":"https:\/\/rnoticias.com.mx\/Portal\/2025\/12\/10\/comision-de-quejas-y-denuncias-del-ine-resuelve-improcedentes-medidas-cautelares-solicitadas-por-el-partido-accion-nacional\/","title":{"rendered":"Comisi\u00f3n de Quejas y Denuncias del INE resuelve improcedentes medidas cautelares solicitadas por el Partido Acci\u00f3n Nacional"},"content":{"rendered":"<p class=\"x_MsoNormal\"><span data-olk-copy-source=\"MessageBody\">La Comisi\u00f3n de Quejas y Denuncias del Instituto Nacional Electoral (INE) resolvi\u00f3 una solicitud de medidas cautelares presentada por el Partido Acci\u00f3n Nacional (PAN), en relaci\u00f3n con el evento denominado\u00a0<i>\u201c<\/i>Sheinbaum Fest 2025<i>\u201d<\/i>, previsto para el 6 de diciembre del presente a\u00f1o.<\/span><\/p>\n<p class=\"x_MsoNormal\">\n<p class=\"x_MsoNormal\">El PAN denunci\u00f3 presunta promoci\u00f3n personalizada, uso indebido de recursos p\u00fablicos y vulneraci\u00f3n a los principios de legalidad, neutralidad e imparcialidad atribuida a la Presidenta de la Rep\u00fablica, derivado de las manifestaciones realizadas en la conferencia matutina del 24 de noviembre, en las que hizo referencia al evento denunciado, as\u00ed como de una nota period\u00edstica publicada en\u00a0<i>El Financiero<\/i>\u00a0que se\u00f1ala \u201cpromover y celebrar a un partido pol\u00edtico\u201d como la intenci\u00f3n de \u00e9ste.<\/p>\n<p class=\"x_MsoNormal\">\n<p class=\"x_MsoNormal\">Tras un an\u00e1lisis preliminar, el colegiado determin\u00f3 por unanimidad de votos que las medidas cautelares solicitadas no pueden dictarse, pues el hecho denunciado no representa un da\u00f1o inminente a un proceso electoral actual o futuro, es decir, no existe urgencia en el dictado de la medida cautelar. Por estas razones, resulta improcedente suspender la realizaci\u00f3n y difusi\u00f3n del evento denunciado.<\/p>\n<p class=\"x_MsoNormal\">\n<p class=\"x_MsoNormal\">En el mismo sentido, resolvi\u00f3 improcedente la solicitud de medida cautelar en su vertiente de tutela preventiva, sobre exhortar al Gobierno de la Rep\u00fablica abstenerse de utilizar recursos p\u00fablicos para la realizaci\u00f3n y a quienes resulten responsables, de contratar o difundir acciones con la intenci\u00f3n de que influyan en el \u00e1nimo de la ciudadan\u00eda.<\/p>\n<p class=\"x_MsoNormal\">\n<p class=\"x_MsoNormal\">Finalmente, se\u00f1al\u00f3 que sobre el uso indebido de recursos p\u00fablicos, deber\u00e1 ser analizado por la Sala Superior del Tribunal Electoral del Poder Judicial de la Federaci\u00f3n (TEPJF).<\/p>\n","protected":false},"excerpt":{"rendered":"<p>La Comisi\u00f3n de Quejas y Denuncias del Instituto Nacional Electoral (INE) resolvi\u00f3 una solicitud de medidas cautelares presentada por el Partido Acci\u00f3n Nacional (PAN), en relaci\u00f3n con el evento denominado\u00a0\u201cSheinbaum Fest 2025\u201d, previsto para el 6 de diciembre del presente a\u00f1o. El PAN denunci\u00f3 presunta promoci\u00f3n personalizada, uso indebido de recursos p\u00fablicos y vulneraci\u00f3n a [&hellip;]<\/p>\n","protected":false},"author":2,"featured_media":238029,"comment_status":"closed","ping_status":"closed","sticky":false,"template":"","format":"standard","meta":{"footnotes":""},"categories":[12870,12868],"tags":[12865,12879],"class_list":["post-238028","post","type-post","status-publish","format-standard","has-post-thumbnail","hentry","category-destacadas","category-politica","tag-destacadas","tag-politica"],"jetpack_featured_media_url":"https:\/\/rnoticias.com.mx\/Portal\/wp-content\/uploads\/2025\/12\/Quejas-1.jpg","amp_enabled":true,"_links":{"self":[{"href":"https:\/\/rnoticias.com.mx\/Portal\/wp-json\/wp\/v2\/posts\/238028","targetHints":{"allow":["GET"]}}],"collection":[{"href":"https:\/\/rnoticias.com.mx\/Portal\/wp-json\/wp\/v2\/posts"}],"about":[{"href":"https:\/\/rnoticias.com.mx\/Portal\/wp-json\/wp\/v2\/types\/post"}],"author":[{"embeddable":true,"href":"https:\/\/rnoticias.com.mx\/Portal\/wp-json\/wp\/v2\/users\/2"}],"replies":[{"embeddable":true,"href":"https:\/\/rnoticias.com.mx\/Portal\/wp-json\/wp\/v2\/comments?post=238028"}],"version-history":[{"count":1,"href":"https:\/\/rnoticias.com.mx\/Portal\/wp-json\/wp\/v2\/posts\/238028\/revisions"}],"predecessor-version":[{"id":238030,"href":"https:\/\/rnoticias.com.mx\/Portal\/wp-json\/wp\/v2\/posts\/238028\/revisions\/238030"}],"wp:featuredmedia":[{"embeddable":true,"href":"https:\/\/rnoticias.com.mx\/Portal\/wp-json\/wp\/v2\/media\/238029"}],"wp:attachment":[{"href":"https:\/\/rnoticias.com.mx\/Portal\/wp-json\/wp\/v2\/media?parent=238028"}],"wp:term":[{"taxonomy":"category","embeddable":true,"href":"https:\/\/rnoticias.com.mx\/Portal\/wp-json\/wp\/v2\/categories?post=238028"},{"taxonomy":"post_tag","embeddable":true,"href":"https:\/\/rnoticias.com.mx\/Portal\/wp-json\/wp\/v2\/tags?post=238028"}],"curies":[{"name":"wp","href":"https:\/\/api.w.org\/{rel}","templated":true}]}}