{"id":237841,"date":"2025-12-08T21:04:06","date_gmt":"2025-12-09T04:04:06","guid":{"rendered":"https:\/\/rnoticias.com.mx\/Portal\/?p=237841"},"modified":"2025-12-08T21:04:06","modified_gmt":"2025-12-09T04:04:06","slug":"listo-pri-hermosillo-para-renovar-su-dirigencia","status":"publish","type":"post","link":"https:\/\/rnoticias.com.mx\/Portal\/2025\/12\/08\/listo-pri-hermosillo-para-renovar-su-dirigencia\/","title":{"rendered":"Listo PRI Hermosillo para renovar su dirigencia"},"content":{"rendered":"<p>Hermosillo, Sonora; 8 de diciembre.- El Comit\u00e9 Municipal del PRI Hermosillo renovar\u00e1 su dirigencia, luego de que, tras la convocatoria p\u00fablica para elegir a los nuevos dirigentes del PRI Hermosillo, se registrara la planilla \u00fanica integrada por Francisco Aparicio Avitia y Carla Rangel R\u00edos.<\/p>\n<p>En jornada de registro celebrada este fin de semana, a las instalaciones del Comit\u00e9 Directivo Estatal del PRI acudieron los aspirantes a Presidente y Secretaria General, acompa\u00f1ados de priistas hermosillenses que manifestaron su apoyo.<\/p>\n<p>Siguiendo los estatutos del Revolucionario Institucional, el 26 de noviembre se public\u00f3 la convocatoria en estrados electr\u00f3nicos y de forma f\u00edsica en las instalaciones del PRI Sonora, con fecha de registro para este s\u00e1bado 6 de diciembre de 10:00 a 12:00 horas.<\/p>\n<p>Tras su registro como planilla \u00fanica, Francisco Aparicio y Carla Rangel expresaron su orgullo de pertenecer al PRI y se comprometieron a trabajar fuerte por reforzar la presencia pri\u00edsta en las calles y colonias de Hermosillo.<\/p>\n<p>A su registro acudieron decenas de simpatizantes y l\u00edderes, familiares y amigos, as\u00ed como la dirigencia priista de Hermosillo saliente, integrada por Luis Miguel Vargas y Blanca Colosio.<\/p>\n<p>Francisco Aparicio Avitia, con una militancia de m\u00e1s de 25 a\u00f1os, ha trabajado para el partido en distintas posiciones y en campa\u00f1as, caracterizado por su contacto con liderazgos sociales de las colonias hermosillenses.<\/p>\n<p>Carla Rangel R\u00edos tiene un amplio historial de activismo en causas de beneficencia dirigidas a poblaci\u00f3n vulnerable de la capital sonorense, adem\u00e1s de contar con experiencia jur\u00eddica y pol\u00edtica.<\/p>\n","protected":false},"excerpt":{"rendered":"<p>Hermosillo, Sonora; 8 de diciembre.- El Comit\u00e9 Municipal del PRI Hermosillo renovar\u00e1 su dirigencia, luego de que, tras la convocatoria p\u00fablica para elegir a los nuevos dirigentes del PRI Hermosillo, se registrara la planilla \u00fanica integrada por Francisco Aparicio Avitia y Carla Rangel R\u00edos. En jornada de registro celebrada este fin de semana, a las [&hellip;]<\/p>\n","protected":false},"author":2,"featured_media":237842,"comment_status":"closed","ping_status":"closed","sticky":false,"template":"","format":"standard","meta":{"footnotes":""},"categories":[12868],"tags":[12879],"class_list":["post-237841","post","type-post","status-publish","format-standard","has-post-thumbnail","hentry","category-politica","tag-politica"],"jetpack_featured_media_url":"https:\/\/rnoticias.com.mx\/Portal\/wp-content\/uploads\/2025\/12\/fed26617-e931-4523-8f23-a358b4e53951.jpeg","amp_enabled":true,"_links":{"self":[{"href":"https:\/\/rnoticias.com.mx\/Portal\/wp-json\/wp\/v2\/posts\/237841","targetHints":{"allow":["GET"]}}],"collection":[{"href":"https:\/\/rnoticias.com.mx\/Portal\/wp-json\/wp\/v2\/posts"}],"about":[{"href":"https:\/\/rnoticias.com.mx\/Portal\/wp-json\/wp\/v2\/types\/post"}],"author":[{"embeddable":true,"href":"https:\/\/rnoticias.com.mx\/Portal\/wp-json\/wp\/v2\/users\/2"}],"replies":[{"embeddable":true,"href":"https:\/\/rnoticias.com.mx\/Portal\/wp-json\/wp\/v2\/comments?post=237841"}],"version-history":[{"count":1,"href":"https:\/\/rnoticias.com.mx\/Portal\/wp-json\/wp\/v2\/posts\/237841\/revisions"}],"predecessor-version":[{"id":237843,"href":"https:\/\/rnoticias.com.mx\/Portal\/wp-json\/wp\/v2\/posts\/237841\/revisions\/237843"}],"wp:featuredmedia":[{"embeddable":true,"href":"https:\/\/rnoticias.com.mx\/Portal\/wp-json\/wp\/v2\/media\/237842"}],"wp:attachment":[{"href":"https:\/\/rnoticias.com.mx\/Portal\/wp-json\/wp\/v2\/media?parent=237841"}],"wp:term":[{"taxonomy":"category","embeddable":true,"href":"https:\/\/rnoticias.com.mx\/Portal\/wp-json\/wp\/v2\/categories?post=237841"},{"taxonomy":"post_tag","embeddable":true,"href":"https:\/\/rnoticias.com.mx\/Portal\/wp-json\/wp\/v2\/tags?post=237841"}],"curies":[{"name":"wp","href":"https:\/\/api.w.org\/{rel}","templated":true}]}}