{"id":237835,"date":"2025-12-08T20:58:13","date_gmt":"2025-12-09T03:58:13","guid":{"rendered":"https:\/\/rnoticias.com.mx\/Portal\/?p=237835"},"modified":"2025-12-08T20:58:13","modified_gmt":"2025-12-09T03:58:13","slug":"recibe-congreso-de-sonora-planteamientos-de-organizaciones-civiles-de-personas-en-situacion-de-discapacidad","status":"publish","type":"post","link":"https:\/\/rnoticias.com.mx\/Portal\/2025\/12\/08\/recibe-congreso-de-sonora-planteamientos-de-organizaciones-civiles-de-personas-en-situacion-de-discapacidad\/","title":{"rendered":"Recibe Congreso de Sonora planteamientos de organizaciones civiles de personas en situaci\u00f3n de discapacidad"},"content":{"rendered":"<p>Hermosillo, Sonora; 8 de diciembre de 2025.- Diputadas y diputados del Congreso del Estado recibieron este domingo a participantes de la caminata por los derechos de las personas con discapacidad, quienes acudieron al recinto legislativo para compartir inquietudes y necesidades relacionadas con este sector.<\/p>\n<p>La diputada presidenta Mar\u00eda Eduwiges Espinoza Tapia (Morena), Jazm\u00edn G\u00f3mez Lizarraga (PT), Julio C\u00e9sar Navarro Contreras (Morena) y Omar Del Valle Colosio (PVEM), sostuvieron un di\u00e1logo con las y los asistentes, con el objetivo de escuchar de primera mano los retos que enfrentan.<\/p>\n<p>Las personas presentes expusieron diversos planteamientos orientados a asegurar el ejercicio de los derechos de las personas con discapacidad, as\u00ed como la necesidad de fortalecer pol\u00edticas p\u00fablicas y mecanismos que mejoren su calidad de vida.<\/p>\n<p>Las y los legisladores reiteraron su compromiso de continuar impulsando reformas y acciones que promuevan la inclusi\u00f3n, el respeto y el bienestar de este sector de la poblaci\u00f3n.<\/p>\n","protected":false},"excerpt":{"rendered":"<p>Hermosillo, Sonora; 8 de diciembre de 2025.- Diputadas y diputados del Congreso del Estado recibieron este domingo a participantes de la caminata por los derechos de las personas con discapacidad, quienes acudieron al recinto legislativo para compartir inquietudes y necesidades relacionadas con este sector. La diputada presidenta Mar\u00eda Eduwiges Espinoza Tapia (Morena), Jazm\u00edn G\u00f3mez Lizarraga [&hellip;]<\/p>\n","protected":false},"author":2,"featured_media":237836,"comment_status":"closed","ping_status":"closed","sticky":false,"template":"","format":"standard","meta":{"footnotes":""},"categories":[12868],"tags":[12879],"class_list":["post-237835","post","type-post","status-publish","format-standard","has-post-thumbnail","hentry","category-politica","tag-politica"],"jetpack_featured_media_url":"https:\/\/rnoticias.com.mx\/Portal\/wp-content\/uploads\/2025\/12\/54969535111_8854670bd3_k-750x375-1.jpg","amp_enabled":true,"_links":{"self":[{"href":"https:\/\/rnoticias.com.mx\/Portal\/wp-json\/wp\/v2\/posts\/237835","targetHints":{"allow":["GET"]}}],"collection":[{"href":"https:\/\/rnoticias.com.mx\/Portal\/wp-json\/wp\/v2\/posts"}],"about":[{"href":"https:\/\/rnoticias.com.mx\/Portal\/wp-json\/wp\/v2\/types\/post"}],"author":[{"embeddable":true,"href":"https:\/\/rnoticias.com.mx\/Portal\/wp-json\/wp\/v2\/users\/2"}],"replies":[{"embeddable":true,"href":"https:\/\/rnoticias.com.mx\/Portal\/wp-json\/wp\/v2\/comments?post=237835"}],"version-history":[{"count":1,"href":"https:\/\/rnoticias.com.mx\/Portal\/wp-json\/wp\/v2\/posts\/237835\/revisions"}],"predecessor-version":[{"id":237837,"href":"https:\/\/rnoticias.com.mx\/Portal\/wp-json\/wp\/v2\/posts\/237835\/revisions\/237837"}],"wp:featuredmedia":[{"embeddable":true,"href":"https:\/\/rnoticias.com.mx\/Portal\/wp-json\/wp\/v2\/media\/237836"}],"wp:attachment":[{"href":"https:\/\/rnoticias.com.mx\/Portal\/wp-json\/wp\/v2\/media?parent=237835"}],"wp:term":[{"taxonomy":"category","embeddable":true,"href":"https:\/\/rnoticias.com.mx\/Portal\/wp-json\/wp\/v2\/categories?post=237835"},{"taxonomy":"post_tag","embeddable":true,"href":"https:\/\/rnoticias.com.mx\/Portal\/wp-json\/wp\/v2\/tags?post=237835"}],"curies":[{"name":"wp","href":"https:\/\/api.w.org\/{rel}","templated":true}]}}