{"id":237706,"date":"2025-12-08T12:28:44","date_gmt":"2025-12-08T19:28:44","guid":{"rendered":"https:\/\/rnoticias.com.mx\/Portal\/?p=237706"},"modified":"2025-12-08T12:28:44","modified_gmt":"2025-12-08T19:28:44","slug":"terremoto-de-7-6-sacude-japon-y-activa-una-alerta-por-tsunami","status":"publish","type":"post","link":"https:\/\/rnoticias.com.mx\/Portal\/2025\/12\/08\/terremoto-de-7-6-sacude-japon-y-activa-una-alerta-por-tsunami\/","title":{"rendered":"Terremoto de 7.6 sacude Jap\u00f3n y activa una alerta por tsunami"},"content":{"rendered":"<p>Un\u00a0<strong>terremoto<\/strong>\u00a0de magnitud 7,6 sacudi\u00f3 este lunes el norte de\u00a0<strong>Jap\u00f3n<\/strong>, por el que la\u00a0<strong>Agencia Meteorol\u00f3gica de Jap\u00f3n<\/strong>\u00a0(JMA) declar\u00f3 una alerta por tsunami de hasta tres metros, sin que por el momento se haya informado de v\u00edctimas ni da\u00f1os materiales.<\/p>\n<p>El temblor se produjo a las 23:15 hora local (14:15 GMT) frente a las costas de la prefectura de\u00a0<strong>Aomori<\/strong>, en el noreste del archipi\u00e9lago, con epicentro a 50 kil\u00f3metros de profundidad, de acuerdo con las autoridades meteorol\u00f3gicas.<\/p>\n<p>El se\u00edsmo alcanz\u00f3 en la ciudad de\u00a0<strong>Hachinohe\u00a0<\/strong>el nivel 6 superior en la estaca s\u00edsmica japonesa de 7 niveles, centrada en medir la agitaci\u00f3n sobre la superficie y el potencial destructivo, as\u00ed como el nivel 6 inferior en los pueblos de Oirase y Hashikami.<\/p>\n<p>El terremoto se not\u00f3 en buena parte del territorio, desde el norte al centro y este del pa\u00eds, incluida Tokio, donde alcanz\u00f3 el nivel 2 en la escala s\u00edsmica nacional.<\/p>\n<p>La JMA activ\u00f3 una alerta de tsunami de hasta 3 metros de altura para las costas de la prefectura de Aomori, la vecina Iwate y la punta sur de la isla de Hokkaido, la m\u00e1s septentrional del\u00a0<strong>archipi\u00e9lago<\/strong>, que se prev\u00e9 que llegue pasada la medianoche local.<\/p>\n","protected":false},"excerpt":{"rendered":"<p>Un\u00a0terremoto\u00a0de magnitud 7,6 sacudi\u00f3 este lunes el norte de\u00a0Jap\u00f3n, por el que la\u00a0Agencia Meteorol\u00f3gica de Jap\u00f3n\u00a0(JMA) declar\u00f3 una alerta por tsunami de hasta tres metros, sin que por el momento se haya informado de v\u00edctimas ni da\u00f1os materiales. El temblor se produjo a las 23:15 hora local (14:15 GMT) frente a las costas de la [&hellip;]<\/p>\n","protected":false},"author":2,"featured_media":237707,"comment_status":"closed","ping_status":"closed","sticky":false,"template":"","format":"standard","meta":{"footnotes":""},"categories":[12870,182],"tags":[12865,12871],"class_list":["post-237706","post","type-post","status-publish","format-standard","has-post-thumbnail","hentry","category-destacadas","category-internacional","tag-destacadas","tag-internacional"],"jetpack_featured_media_url":"https:\/\/rnoticias.com.mx\/Portal\/wp-content\/uploads\/2025\/12\/japon-terremoto-alerta-tsunami-1024x683-1.webp","amp_enabled":true,"_links":{"self":[{"href":"https:\/\/rnoticias.com.mx\/Portal\/wp-json\/wp\/v2\/posts\/237706","targetHints":{"allow":["GET"]}}],"collection":[{"href":"https:\/\/rnoticias.com.mx\/Portal\/wp-json\/wp\/v2\/posts"}],"about":[{"href":"https:\/\/rnoticias.com.mx\/Portal\/wp-json\/wp\/v2\/types\/post"}],"author":[{"embeddable":true,"href":"https:\/\/rnoticias.com.mx\/Portal\/wp-json\/wp\/v2\/users\/2"}],"replies":[{"embeddable":true,"href":"https:\/\/rnoticias.com.mx\/Portal\/wp-json\/wp\/v2\/comments?post=237706"}],"version-history":[{"count":1,"href":"https:\/\/rnoticias.com.mx\/Portal\/wp-json\/wp\/v2\/posts\/237706\/revisions"}],"predecessor-version":[{"id":237708,"href":"https:\/\/rnoticias.com.mx\/Portal\/wp-json\/wp\/v2\/posts\/237706\/revisions\/237708"}],"wp:featuredmedia":[{"embeddable":true,"href":"https:\/\/rnoticias.com.mx\/Portal\/wp-json\/wp\/v2\/media\/237707"}],"wp:attachment":[{"href":"https:\/\/rnoticias.com.mx\/Portal\/wp-json\/wp\/v2\/media?parent=237706"}],"wp:term":[{"taxonomy":"category","embeddable":true,"href":"https:\/\/rnoticias.com.mx\/Portal\/wp-json\/wp\/v2\/categories?post=237706"},{"taxonomy":"post_tag","embeddable":true,"href":"https:\/\/rnoticias.com.mx\/Portal\/wp-json\/wp\/v2\/tags?post=237706"}],"curies":[{"name":"wp","href":"https:\/\/api.w.org\/{rel}","templated":true}]}}