{"id":237632,"date":"2025-12-06T13:46:04","date_gmt":"2025-12-06T20:46:04","guid":{"rendered":"https:\/\/rnoticias.com.mx\/Portal\/?p=237632"},"modified":"2025-12-06T13:46:04","modified_gmt":"2025-12-06T20:46:04","slug":"leon-xiv-dice-que-el-vaticano-no-sera-espectador-silencioso-ante-violaciones-de-derechos","status":"publish","type":"post","link":"https:\/\/rnoticias.com.mx\/Portal\/2025\/12\/06\/leon-xiv-dice-que-el-vaticano-no-sera-espectador-silencioso-ante-violaciones-de-derechos\/","title":{"rendered":"Le\u00f3n XIV dice que el Vaticano no ser\u00e1 &#8216;espectador silencioso&#8217; ante violaciones de derechos"},"content":{"rendered":"<p>El\u00a0<strong>papa Le\u00f3n XIV<\/strong>\u00a0afirm\u00f3 este s\u00e1bado que el Vaticano\u00a0<strong>&#8220;no ser\u00e1 un espectador silencioso ante las graves desigualdades, injusticias y violaciones de los derechos humanos&#8221;,<\/strong>\u00a0en una audiencia en el Vaticano con los nuevos embajadores acreditados ante la Santa Sede.<\/p>\n<p><strong>&#8220;Deseo reafirmar que la Santa Sede no ser\u00e1 un espectador silencioso ante las graves desigualdades, injusticias y violaciones de derechos humanos fundamentales que se producen en nuestra comunidad global, cada vez m\u00e1s fracturada y propensa a los conflictos&#8221;<\/strong>, subray\u00f3 el pont\u00edfice.<\/p>\n<p>En el encuentro con los<strong>\u00a0representantes de Uzbekist\u00e1n, Moldavia, Bahr\u00e9in, Sri Lanka, Pakist\u00e1n, Liberia, Tailandia, Lesoto, Sud\u00e1frica, Fiyi, Micronesia, Letonia y Finlandia, Le\u00f3n XIV<\/strong>\u00a0destac\u00f3 que la cooperaci\u00f3n entre la Santa Sede y sus pa\u00edses puede fortalecer el compromiso multilateral y revitalizar los organismos internacionales destinados a resolver disputas entre naciones.<\/p>\n<p><strong>&#8220;Es mi particular esperanza que nuestra cooperaci\u00f3n tambi\u00e9n contribuya a renovar el esp\u00edritu de compromiso multilateral en un momento en que es tan necesario, revitalizando los organismos internacionales creados para resolver las disputas entre las naciones&#8221;,<\/strong>\u00a0a\u00f1adi\u00f3.<\/p>\n<p>El papa subray\u00f3 que la diplomacia vaticana tiene como objetivo servir al bien de la humanidad y atender especialmente a\u00a0<strong>&#8220;las voces de los pobres, de quienes se encuentran en situaciones vulnerables o empujados a los m\u00e1rgenes de la sociedad&#8221;.<\/strong><\/p>\n<p><strong>&#8220;Conf\u00edo en que juntos podamos destacar las situaciones de quienes necesitan ayuda y son demasiado a menudo olvidados&#8221;,<\/strong>\u00a0se\u00f1al\u00f3, e inst\u00f3 a que los embajadores contribuyan a<strong>\u00a0&#8220;sentar las bases para un mundo m\u00e1s justo, fraterno y pac\u00edfico&#8221;.<\/strong><\/p>\n<p>Le\u00f3n XIV record\u00f3 adem\u00e1s su discurso ante el cuerpo diplom\u00e1tico en mayo, cuando afirm\u00f3 que\u00a0<strong>&#8220;la paz no es simplemente la ausencia de conflicto, sino un don activo y exigente&#8221;, que se construye &#8220;en el coraz\u00f3n y desde el coraz\u00f3n&#8221;.<\/strong><\/p>\n<p><strong>&#8220;Esta visi\u00f3n de la paz se ha vuelto a\u00fan m\u00e1s urgente, ya que la tensi\u00f3n geopol\u00edtica y la fragmentaci\u00f3n contin\u00faan profundiz\u00e1ndose de maneras que agobian a las naciones y tensan los lazos de la familia humana&#8221;<\/strong>, subray\u00f3 Le\u00f3n XIV.<\/p>\n<p>Finalmente, el pont\u00edfice asegur\u00f3 a los diplom\u00e1ticos el respaldo de la Secretar\u00eda de Estado y expres\u00f3 su deseo de que su misi\u00f3n\u00a0<strong>&#8220;ayude a abrir nuevas puertas de di\u00e1logo, fomentar la unidad y avanzar hacia esa paz por la que la familia humana anhela tan ardientemente&#8221;.<\/strong><\/p>\n<p>&nbsp;<\/p>\n<p>Fuente: EFE<\/p>\n","protected":false},"excerpt":{"rendered":"<p>El\u00a0papa Le\u00f3n XIV\u00a0afirm\u00f3 este s\u00e1bado que el Vaticano\u00a0&#8220;no ser\u00e1 un espectador silencioso ante las graves desigualdades, injusticias y violaciones de los derechos humanos&#8221;,\u00a0en una audiencia en el Vaticano con los nuevos embajadores acreditados ante la Santa Sede. &#8220;Deseo reafirmar que la Santa Sede no ser\u00e1 un espectador silencioso ante las graves desigualdades, injusticias y violaciones [&hellip;]<\/p>\n","protected":false},"author":2,"featured_media":237633,"comment_status":"closed","ping_status":"closed","sticky":false,"template":"","format":"standard","meta":{"footnotes":""},"categories":[12870,182],"tags":[12865,12871],"class_list":["post-237632","post","type-post","status-publish","format-standard","has-post-thumbnail","hentry","category-destacadas","category-internacional","tag-destacadas","tag-internacional"],"jetpack_featured_media_url":"https:\/\/rnoticias.com.mx\/Portal\/wp-content\/uploads\/2025\/12\/692c2de7d45b8eb45aafdbbf141bd39b.webp","amp_enabled":true,"_links":{"self":[{"href":"https:\/\/rnoticias.com.mx\/Portal\/wp-json\/wp\/v2\/posts\/237632","targetHints":{"allow":["GET"]}}],"collection":[{"href":"https:\/\/rnoticias.com.mx\/Portal\/wp-json\/wp\/v2\/posts"}],"about":[{"href":"https:\/\/rnoticias.com.mx\/Portal\/wp-json\/wp\/v2\/types\/post"}],"author":[{"embeddable":true,"href":"https:\/\/rnoticias.com.mx\/Portal\/wp-json\/wp\/v2\/users\/2"}],"replies":[{"embeddable":true,"href":"https:\/\/rnoticias.com.mx\/Portal\/wp-json\/wp\/v2\/comments?post=237632"}],"version-history":[{"count":1,"href":"https:\/\/rnoticias.com.mx\/Portal\/wp-json\/wp\/v2\/posts\/237632\/revisions"}],"predecessor-version":[{"id":237634,"href":"https:\/\/rnoticias.com.mx\/Portal\/wp-json\/wp\/v2\/posts\/237632\/revisions\/237634"}],"wp:featuredmedia":[{"embeddable":true,"href":"https:\/\/rnoticias.com.mx\/Portal\/wp-json\/wp\/v2\/media\/237633"}],"wp:attachment":[{"href":"https:\/\/rnoticias.com.mx\/Portal\/wp-json\/wp\/v2\/media?parent=237632"}],"wp:term":[{"taxonomy":"category","embeddable":true,"href":"https:\/\/rnoticias.com.mx\/Portal\/wp-json\/wp\/v2\/categories?post=237632"},{"taxonomy":"post_tag","embeddable":true,"href":"https:\/\/rnoticias.com.mx\/Portal\/wp-json\/wp\/v2\/tags?post=237632"}],"curies":[{"name":"wp","href":"https:\/\/api.w.org\/{rel}","templated":true}]}}