{"id":237614,"date":"2025-12-06T12:25:48","date_gmt":"2025-12-06T19:25:48","guid":{"rendered":"https:\/\/rnoticias.com.mx\/Portal\/?p=237614"},"modified":"2025-12-06T12:25:48","modified_gmt":"2025-12-06T19:25:48","slug":"imputa-fgjes-a-jose-maria-n-hechos-que-vulneraron-la-seguridad-de-una-mujer-en-santa-ana","status":"publish","type":"post","link":"https:\/\/rnoticias.com.mx\/Portal\/2025\/12\/06\/imputa-fgjes-a-jose-maria-n-hechos-que-vulneraron-la-seguridad-de-una-mujer-en-santa-ana\/","title":{"rendered":"Imputa FGJES a Jos\u00e9 Mar\u00eda \u201cN\u201d hechos que vulneraron la seguridad de una mujer en Santa Ana"},"content":{"rendered":"<p>Santa Ana, Sonora, 6 de diciembre de 2025.- La Fiscal\u00eda General de Justicia del Estado de Sonora (FGJES) llev\u00f3 a cabo audiencia inicial derivada de una orden de aprehensi\u00f3n ejecutada en contra de Jos\u00e9 Mar\u00eda \u201cN\u201d, imput\u00e1ndolo por hechos constitutivos del delito de privaci\u00f3n ilegal de la libertad en perjuicio de una mujer de identidad reservada, en Santa Ana.<\/p>\n<p>Las indagatorias establecen que el 29 de enero de 2022 el imputado acudi\u00f3 al domicilio de la v\u00edctima, ubicado en la colonia Santa Cecilia, a bordo de un veh\u00edculo sed\u00e1n; la mujer abord\u00f3 el autom\u00f3vil bajo un acuerdo previo, el cual fue ignorado por el imputado al adoptar una conducta agresiva que vulner\u00f3 su autonom\u00eda.<\/p>\n<p>Durante el trayecto, Jos\u00e9 Mar\u00eda \u201cN\u201d condujo por distintas calles y posteriormente hacia su domicilio en la colonia F\u00e1tima, haciendo caso omiso a las reiteradas solicitudes de la v\u00edctima para descender del veh\u00edculo. El imputado activ\u00f3 los seguros, increment\u00f3 la velocidad y mantuvo la marcha, impidiendo que la mujer se pusiera a salvo.<\/p>\n<p>La situaci\u00f3n escal\u00f3 cuando la v\u00edctima pidi\u00f3 auxilio a personas en el exterior de un establecimiento y, al percatarse de la presencia de una unidad de Guardia Nacional (GN), el imputado aceler\u00f3 nuevamente; en el trayecto, tambi\u00e9n intent\u00f3 despojarla de su tel\u00e9fono e inmovilizarla f\u00edsicamente para mantener el control sobre ella.<\/p>\n<p>La v\u00edctima logr\u00f3 liberarse cuando, al intentar evitar una nueva agresi\u00f3n, movi\u00f3 el volante, provocando que el veh\u00edculo perdiera el control e impactara contra una banqueta en la calle General Anaya, este momento permiti\u00f3 que descendiera del autom\u00f3vil y corriera para resguardarse.<\/p>\n<p>En la Audiencia, el Juez permiti\u00f3 la formulaci\u00f3n de imputaci\u00f3n, concedi\u00f3 la ampliaci\u00f3n del t\u00e9rmino constitucional para la resoluci\u00f3n a vinculaci\u00f3n a proceso y dict\u00f3 prisi\u00f3n preventiva justificada.<\/p>\n<p>La Fiscal\u00eda General de Justicia del Estado de Sonora (FGJES) reafirma su compromiso para investigar con perspectiva de g\u00e9nero cualquier conducta que ponga en riesgo la vida, la integridad o la libertad de las mujeres, garantizando que los hechos sean esclarecidos y que las v\u00edctimas reciban protecci\u00f3n conforme a la ley.<\/p>\n","protected":false},"excerpt":{"rendered":"<p>Santa Ana, Sonora, 6 de diciembre de 2025.- La Fiscal\u00eda General de Justicia del Estado de Sonora (FGJES) llev\u00f3 a cabo audiencia inicial derivada de una orden de aprehensi\u00f3n ejecutada en contra de Jos\u00e9 Mar\u00eda \u201cN\u201d, imput\u00e1ndolo por hechos constitutivos del delito de privaci\u00f3n ilegal de la libertad en perjuicio de una mujer de identidad [&hellip;]<\/p>\n","protected":false},"author":2,"featured_media":237615,"comment_status":"closed","ping_status":"closed","sticky":false,"template":"","format":"standard","meta":{"footnotes":""},"categories":[12870,174],"tags":[12865,12873],"class_list":["post-237614","post","type-post","status-publish","format-standard","has-post-thumbnail","hentry","category-destacadas","category-estatal","tag-destacadas","tag-estatal"],"jetpack_featured_media_url":"https:\/\/rnoticias.com.mx\/Portal\/wp-content\/uploads\/2025\/12\/24ff495f-5441-4bee-821e-9eeff7fd2222.jpeg","amp_enabled":true,"_links":{"self":[{"href":"https:\/\/rnoticias.com.mx\/Portal\/wp-json\/wp\/v2\/posts\/237614","targetHints":{"allow":["GET"]}}],"collection":[{"href":"https:\/\/rnoticias.com.mx\/Portal\/wp-json\/wp\/v2\/posts"}],"about":[{"href":"https:\/\/rnoticias.com.mx\/Portal\/wp-json\/wp\/v2\/types\/post"}],"author":[{"embeddable":true,"href":"https:\/\/rnoticias.com.mx\/Portal\/wp-json\/wp\/v2\/users\/2"}],"replies":[{"embeddable":true,"href":"https:\/\/rnoticias.com.mx\/Portal\/wp-json\/wp\/v2\/comments?post=237614"}],"version-history":[{"count":1,"href":"https:\/\/rnoticias.com.mx\/Portal\/wp-json\/wp\/v2\/posts\/237614\/revisions"}],"predecessor-version":[{"id":237616,"href":"https:\/\/rnoticias.com.mx\/Portal\/wp-json\/wp\/v2\/posts\/237614\/revisions\/237616"}],"wp:featuredmedia":[{"embeddable":true,"href":"https:\/\/rnoticias.com.mx\/Portal\/wp-json\/wp\/v2\/media\/237615"}],"wp:attachment":[{"href":"https:\/\/rnoticias.com.mx\/Portal\/wp-json\/wp\/v2\/media?parent=237614"}],"wp:term":[{"taxonomy":"category","embeddable":true,"href":"https:\/\/rnoticias.com.mx\/Portal\/wp-json\/wp\/v2\/categories?post=237614"},{"taxonomy":"post_tag","embeddable":true,"href":"https:\/\/rnoticias.com.mx\/Portal\/wp-json\/wp\/v2\/tags?post=237614"}],"curies":[{"name":"wp","href":"https:\/\/api.w.org\/{rel}","templated":true}]}}