{"id":237593,"date":"2025-12-06T11:50:33","date_gmt":"2025-12-06T18:50:33","guid":{"rendered":"https:\/\/rnoticias.com.mx\/Portal\/?p=237593"},"modified":"2025-12-06T11:50:33","modified_gmt":"2025-12-06T18:50:33","slug":"la-democracia-inclusiva-no-es-un-destino-es-un-camino-secretaria-ejecutiva-del-ine-claudia-arlette-espino","status":"publish","type":"post","link":"https:\/\/rnoticias.com.mx\/Portal\/2025\/12\/06\/la-democracia-inclusiva-no-es-un-destino-es-un-camino-secretaria-ejecutiva-del-ine-claudia-arlette-espino\/","title":{"rendered":"La democracia inclusiva no es un destino, es un camino: Secretaria Ejecutiva del INE Claudia Arlette Espino"},"content":{"rendered":"<p class=\"x_MsoNormal\"><span data-olk-copy-source=\"MessageBody\">La democracia inclusiva no es un destino, es un camino que exige valent\u00eda institucional, imaginaci\u00f3n normativa y sensibilidad humana, afirm\u00f3 la Secretaria Ejecutiva del Instituto Nacional Electoral (INE), Claudia Arlett Espino, al impartir la conferencia\u00a0<i>Democracia inclusiva desde los\u00a0<a name=\"x__Hlk215348444\"><\/a>Organismos P\u00fablicos Locales\u00a0Electorales<\/i>, en el marco de la 39 Feria Internacional del Libro (FIL) Guadalajara 2025.<\/span><\/p>\n<p class=\"x_MsoNormal\">\n<p class=\"x_MsoNormal\">\u201cUna democracia que no incluye, excluye. Una democracia que no reconoce el pluralismo reproduce desigualdad. Una democracia que no garantiza interlegalidad, niega justicia. La democracia inclusiva, en cambio, construye comunidad y cuando la comunidad es justa es capaz de transformar instituciones, territorios y futuros\u201d, indic\u00f3.<\/p>\n<p class=\"x_MsoNormal\">\n<p class=\"x_MsoNormal\">En el stand del Instituto Electoral y de Participaci\u00f3n Ciudadana (IEPC) de Jalisco, acompa\u00f1ada de la Consejera Luc\u00eda Guadalupe Peraza, consider\u00f3 que desde los Organismos P\u00fablicos Locales se tiene la responsabilidad de que el sistema electoral mexicano no s\u00f3lo organice elecciones.<\/p>\n<p class=\"x_MsoNormal\">\n<p class=\"x_MsoNormal\">Desde lo local, dijo, \u201cse debe garantizar derechos, construir igualdad y generar condiciones reales para la participaci\u00f3n pol\u00edtica\u201d.<\/p>\n<p class=\"x_MsoNormal\">\n<p class=\"x_MsoNormal\">Por ello, la Secretaria Ejecutiva del INE exhort\u00f3 a impulsar acciones como protocolos ling\u00fc\u00edsticos; acompa\u00f1amiento especializado para comunidades ind\u00edgenas, personas con discapacidad, mujeres afrodescendientes y grupos de la diversidad sexo gen\u00e9rica; criterios jurisdiccionales y administrativos con enfoque de derechos humanos, interculturalidad e interseccionalidad; metodolog\u00edas que reconozcan la desigualdad estructural; mecanismos de interlegalidad que permitan di\u00e1logo efectivo entre el derecho estatal y los diferentes derechos hiperespecializados, como el modelo social de discapacidad o los sistemas normativos.<\/p>\n<p class=\"x_MsoNormal\">\n<p class=\"x_MsoNormal\"><b><i>Detonar la reflexi\u00f3n y la deliberaci\u00f3n pol\u00edtica<\/i><\/b><\/p>\n<p class=\"x_MsoNormal\"><b><i>\u00a0<\/i><\/b><\/p>\n<p class=\"x_MsoNormal\">La producci\u00f3n editorial del Instituto Nacional Electoral abarca una extensa gama a cargo de autoras y autores reconocidos en la materia que buscan detonar la reflexi\u00f3n y la deliberaci\u00f3n pol\u00edtica, asegur\u00f3 la Consejera Norma De La Cruz durante la Presentaci\u00f3n Editorial Cuadernos de Divulgaci\u00f3n de la Cultura Democr\u00e1tica. Democracia y entorno digital \u00bfuna nueva forma de ejercer ciudadan\u00eda?<\/p>\n<p class=\"x_MsoNormal\">\n<p class=\"x_MsoNormal\">Esta colecci\u00f3n, agreg\u00f3, representa la vocaci\u00f3n y el compromiso democr\u00e1tico que inspiran al INE a seguir difundiendo el pensamiento de reconocidos especialistas a fin de difundir los valores democr\u00e1ticos, as\u00ed como los procesos fundamentales de la democracia que contribuyan en el debate de la ciencia pol\u00edtica contempor\u00e1nea.<\/p>\n<p class=\"x_MsoNormal\">\n<p class=\"x_MsoNormal\">En el stand del INE en la FIL, la Consejera De La Cruz reconoci\u00f3 la importancia de estos cuadernos de divulgaci\u00f3n que destacan la necesidad de equilibrar la participaci\u00f3n de la ciudadan\u00eda en lo digital.<\/p>\n<p class=\"x_MsoNormal\">\n<p class=\"x_MsoNormal\">\u201cAh\u00ed es donde hablamos de esta necesidad de la alfabetizaci\u00f3n digital, en la que debemos ser conscientes de c\u00f3mo vamos dejando nuestra huella digital y de c\u00f3mo vamos dejando nuestros datos\u201d, abund\u00f3.<\/p>\n<p class=\"x_MsoNormal\">\n<p class=\"x_MsoNormal\">La presentaci\u00f3n cont\u00f3 con la participaci\u00f3n del Consejero del Instituto Electoral de Tamaulipas, Eliseo Garc\u00eda Gonz\u00e1lez; la Consejera del Instituto Estatal Electoral de Chihuahua, Vanessa Armend\u00e1riz, as\u00ed como del Encargado del Despacho de la Direcci\u00f3n Ejecutiva de Asuntos Jur\u00eddicos del INE, Juan Manuel V\u00e1zquez Barajas.<\/p>\n<p class=\"x_MsoNormal\">\n<p class=\"x_MsoNormal\">M\u00e1s tarde, la Consejera De La Cruz Maga\u00f1a present\u00f3 Capital C\u00edvico Jalisco. Estrategia para desarrollar ciudadan\u00eda activa y comunidad inclusiva para la promoci\u00f3n de la educaci\u00f3n c\u00edvica y la cultura democr\u00e1tica, impulsada por el IEPC Jalisco, que propone proyectos de educaci\u00f3n c\u00edvica y participaci\u00f3n ciudadana.<\/p>\n<p class=\"x_MsoNormal\">\n<p class=\"x_MsoNormal\">Como parte de las actividades, el columnista del peri\u00f3dico El Economista, Alberto Aguirre, present\u00f3 la obra\u00a0<i>Retos de la Democracia en tiempos de retroceso<\/i>\u00a0<i>democr\u00e1tico<\/i>, de la autor\u00eda del Doctor Larry Diamond, en la que particip\u00f3 la Consejera del Organismo P\u00fablico Local Electoral de Puebla, Susana Rivas y fue moderada por el Titular de la Unidad de Transparencia y Protecci\u00f3n de Datos Personales, Jos\u00e9 Luis Ar\u00e9valo Romo.<\/p>\n","protected":false},"excerpt":{"rendered":"<p>La democracia inclusiva no es un destino, es un camino que exige valent\u00eda institucional, imaginaci\u00f3n normativa y sensibilidad humana, afirm\u00f3 la Secretaria Ejecutiva del Instituto Nacional Electoral (INE), Claudia Arlett Espino, al impartir la conferencia\u00a0Democracia inclusiva desde los\u00a0Organismos P\u00fablicos Locales\u00a0Electorales, en el marco de la 39 Feria Internacional del Libro (FIL) Guadalajara 2025. \u201cUna democracia [&hellip;]<\/p>\n","protected":false},"author":2,"featured_media":237594,"comment_status":"closed","ping_status":"closed","sticky":false,"template":"","format":"standard","meta":{"footnotes":""},"categories":[12870,12868],"tags":[12865,12879],"class_list":["post-237593","post","type-post","status-publish","format-standard","has-post-thumbnail","hentry","category-destacadas","category-politica","tag-destacadas","tag-politica"],"jetpack_featured_media_url":"https:\/\/rnoticias.com.mx\/Portal\/wp-content\/uploads\/2025\/12\/WhatsApp-Image-2025-11-30-at-10.27.23-AM.jpeg","amp_enabled":true,"_links":{"self":[{"href":"https:\/\/rnoticias.com.mx\/Portal\/wp-json\/wp\/v2\/posts\/237593","targetHints":{"allow":["GET"]}}],"collection":[{"href":"https:\/\/rnoticias.com.mx\/Portal\/wp-json\/wp\/v2\/posts"}],"about":[{"href":"https:\/\/rnoticias.com.mx\/Portal\/wp-json\/wp\/v2\/types\/post"}],"author":[{"embeddable":true,"href":"https:\/\/rnoticias.com.mx\/Portal\/wp-json\/wp\/v2\/users\/2"}],"replies":[{"embeddable":true,"href":"https:\/\/rnoticias.com.mx\/Portal\/wp-json\/wp\/v2\/comments?post=237593"}],"version-history":[{"count":1,"href":"https:\/\/rnoticias.com.mx\/Portal\/wp-json\/wp\/v2\/posts\/237593\/revisions"}],"predecessor-version":[{"id":237595,"href":"https:\/\/rnoticias.com.mx\/Portal\/wp-json\/wp\/v2\/posts\/237593\/revisions\/237595"}],"wp:featuredmedia":[{"embeddable":true,"href":"https:\/\/rnoticias.com.mx\/Portal\/wp-json\/wp\/v2\/media\/237594"}],"wp:attachment":[{"href":"https:\/\/rnoticias.com.mx\/Portal\/wp-json\/wp\/v2\/media?parent=237593"}],"wp:term":[{"taxonomy":"category","embeddable":true,"href":"https:\/\/rnoticias.com.mx\/Portal\/wp-json\/wp\/v2\/categories?post=237593"},{"taxonomy":"post_tag","embeddable":true,"href":"https:\/\/rnoticias.com.mx\/Portal\/wp-json\/wp\/v2\/tags?post=237593"}],"curies":[{"name":"wp","href":"https:\/\/api.w.org\/{rel}","templated":true}]}}