{"id":237566,"date":"2025-12-06T10:38:58","date_gmt":"2025-12-06T17:38:58","guid":{"rendered":"https:\/\/rnoticias.com.mx\/Portal\/?p=237566"},"modified":"2025-12-06T10:38:58","modified_gmt":"2025-12-06T17:38:58","slug":"participa-utetchojoa-en-cuarto-encuentro-nacional-de-universidades-interculturales","status":"publish","type":"post","link":"https:\/\/rnoticias.com.mx\/Portal\/2025\/12\/06\/participa-utetchojoa-en-cuarto-encuentro-nacional-de-universidades-interculturales\/","title":{"rendered":"Participa UTEtchojoa en Cuarto Encuentro Nacional de Universidades Interculturales"},"content":{"rendered":"<p>San Quint\u00edn, Baja California; 6 de diciembre 2025.- Para formar parte del di\u00e1logo, intercambio acad\u00e9mico, fortalecimiento comunitario y reconocimiento a la diversidad cultural, la Universidad Tecnol\u00f3gica de Etchojoa (UTE) particip\u00f3 en el Cuarto Encuentro Nacional de Universidades Interculturales.<\/p>\n<p>Bajo el lema &#8220;Dignificaci\u00f3n de la educaci\u00f3n intercultural en las transformaciones comunitarias y territoriales&#8221;, representantes de 21 instituciones de M\u00e9xico se reunieron para analizar los retos y avances del modelo educativo intercultural en el pa\u00eds.<\/p>\n<p>El rector de la UTE, Jos\u00e9 F\u00e9lix G\u00f3mez Anduro, destac\u00f3 el compromiso del Gobierno de Sonora con la construcci\u00f3n de entornos educativos m\u00e1s inclusivos y con pertinencia social y cultural, enfatizando que la interculturalidad no solo abre oportunidades, sino que tambi\u00e9n dignifica las ra\u00edces de los pueblos originarios y nos recuerda que la diversidad es una fortaleza que debe guiar las decisiones acad\u00e9micas y comunitarias.<\/p>\n<p>El evento incluy\u00f3 talleres, mesas de trabajo y espacios para compartir experiencias, enfoc\u00e1ndose en la investigaci\u00f3n, docencia, vinculaci\u00f3n comunitaria y la transversalizaci\u00f3n de la perspectiva intercultural para fortalecer el desarrollo de los pueblos ind\u00edgenas y sus culturas.<\/p>\n<p>La actividad fue encabezada por la directora general de las Universidades Interculturales, Elvira M\u00e9ndez Bautista, quien resalt\u00f3 el papel de la educaci\u00f3n en el desarrollo de los pueblos originarios, enfatizando la importancia de consolidar modelos formativos que reconozcan y preserven la identidad cultural de cada regi\u00f3n.<\/p>\n","protected":false},"excerpt":{"rendered":"<p>San Quint\u00edn, Baja California; 6 de diciembre 2025.- Para formar parte del di\u00e1logo, intercambio acad\u00e9mico, fortalecimiento comunitario y reconocimiento a la diversidad cultural, la Universidad Tecnol\u00f3gica de Etchojoa (UTE) particip\u00f3 en el Cuarto Encuentro Nacional de Universidades Interculturales. Bajo el lema &#8220;Dignificaci\u00f3n de la educaci\u00f3n intercultural en las transformaciones comunitarias y territoriales&#8221;, representantes de 21 [&hellip;]<\/p>\n","protected":false},"author":2,"featured_media":237567,"comment_status":"closed","ping_status":"closed","sticky":false,"template":"","format":"standard","meta":{"footnotes":""},"categories":[12870,174],"tags":[12865,12873],"class_list":["post-237566","post","type-post","status-publish","format-standard","has-post-thumbnail","hentry","category-destacadas","category-estatal","tag-destacadas","tag-estatal"],"jetpack_featured_media_url":"https:\/\/rnoticias.com.mx\/Portal\/wp-content\/uploads\/2025\/12\/unnamed-21.jpg","amp_enabled":true,"_links":{"self":[{"href":"https:\/\/rnoticias.com.mx\/Portal\/wp-json\/wp\/v2\/posts\/237566","targetHints":{"allow":["GET"]}}],"collection":[{"href":"https:\/\/rnoticias.com.mx\/Portal\/wp-json\/wp\/v2\/posts"}],"about":[{"href":"https:\/\/rnoticias.com.mx\/Portal\/wp-json\/wp\/v2\/types\/post"}],"author":[{"embeddable":true,"href":"https:\/\/rnoticias.com.mx\/Portal\/wp-json\/wp\/v2\/users\/2"}],"replies":[{"embeddable":true,"href":"https:\/\/rnoticias.com.mx\/Portal\/wp-json\/wp\/v2\/comments?post=237566"}],"version-history":[{"count":1,"href":"https:\/\/rnoticias.com.mx\/Portal\/wp-json\/wp\/v2\/posts\/237566\/revisions"}],"predecessor-version":[{"id":237568,"href":"https:\/\/rnoticias.com.mx\/Portal\/wp-json\/wp\/v2\/posts\/237566\/revisions\/237568"}],"wp:featuredmedia":[{"embeddable":true,"href":"https:\/\/rnoticias.com.mx\/Portal\/wp-json\/wp\/v2\/media\/237567"}],"wp:attachment":[{"href":"https:\/\/rnoticias.com.mx\/Portal\/wp-json\/wp\/v2\/media?parent=237566"}],"wp:term":[{"taxonomy":"category","embeddable":true,"href":"https:\/\/rnoticias.com.mx\/Portal\/wp-json\/wp\/v2\/categories?post=237566"},{"taxonomy":"post_tag","embeddable":true,"href":"https:\/\/rnoticias.com.mx\/Portal\/wp-json\/wp\/v2\/tags?post=237566"}],"curies":[{"name":"wp","href":"https:\/\/api.w.org\/{rel}","templated":true}]}}