{"id":237501,"date":"2025-12-05T21:10:19","date_gmt":"2025-12-06T04:10:19","guid":{"rendered":"https:\/\/rnoticias.com.mx\/Portal\/?p=237501"},"modified":"2025-12-05T21:10:19","modified_gmt":"2025-12-06T04:10:19","slug":"luis-angel-el-flaco-opina-sobre-retirado-de-visas-de-ee-uu-a-artistas","status":"publish","type":"post","link":"https:\/\/rnoticias.com.mx\/Portal\/2025\/12\/05\/luis-angel-el-flaco-opina-sobre-retirado-de-visas-de-ee-uu-a-artistas\/","title":{"rendered":"Luis \u00c1ngel &#8216;El Flaco&#8217;, opina sobre retirado de visas de EE.UU. a artistas"},"content":{"rendered":"<p>El cantante del regional mexicano\u00a0<strong>Luis \u00c1ngel Franco<\/strong>, mejor conocido como El Flaco, dijo este jueves que la revocaci\u00f3n de visas de Estados Unidos a los artistas mexicanos\u00a0<strong>\u201ces un tema muy vigente\u201d<\/strong>\u00a0y que las agrupaciones desconocen la raz\u00f3n detr\u00e1s de esta decisi\u00f3n que, asegur\u00f3, no les da alegr\u00eda.<\/p>\n<p><strong>\u201cEs un tema que ha estado muy vigente, de que alg\u00fan artista iba a viajar y le retiraron la visa, alguno ya estaba por all\u00e1 y se la retiraron, o no est\u00e1n viajando y les llegan notificaciones de que no pueden viajar\u201d<\/strong>, afirm\u00f3 el ex vocalista de la Banda Los Recoditos durante la conferencia de prensa donde anunci\u00f3 su pr\u00f3ximo concierto el 17 de enero en la Arena Ciudad de M\u00e9xico.<\/p>\n<p>El originario de Sinaloa (noroeste) tambi\u00e9n explic\u00f3 que entre la\u00a0<strong>\u201ccamarader\u00eda\u201d del regional mexicano todos se preguntan \u201c\u00bfqu\u00e9 pasa?\u201d con esta posici\u00f3n del Gobierno estadounidense ante \u201cla retirada de visas\u201d de artistas que \u201cdependen de este trabajo\u201d.<\/strong><\/p>\n<p><strong>\u201cNo sabemos en realidad si es una cuesti\u00f3n fiscal, si es una cuesti\u00f3n de que cantas m\u00fasica espec\u00edfica, no lo sabemos\u201d<\/strong>, confes\u00f3 el int\u00e9rprete de \u2018Hasta la miel\u2019 tras comentar que, por ahora, su visa<strong>\u00a0\u201cest\u00e1 en orden\u201d.<\/strong><\/p>\n<p>El cantante adem\u00e1s expres\u00f3 su solidaridad con las familias que dependen de la labor de los m\u00fasicos, porque, piensan<strong>\u00a0\u201cen todo lo que se mueve a ra\u00edz de que un artista no puede trabajar\u201d.<\/strong><\/p>\n<p>La revocaci\u00f3n de visas a pol\u00edticos, funcionarios y grupos del regional mexicano ha sido una medida recurrente emitida por el Gobierno de Estados Unidos desde que Donald Trump asumi\u00f3 el poder, el 1 de enero.<\/p>\n<p>Entre los afectados ha estado Juli\u00f3n \u00c1lvarez o los\u00a0<strong>\u201cgrandes amigos\u201d del &#8220;Flaco&#8221;, los integrantes de Grupo Firme, quienes en mayo de este a\u00f1o anunciaron en su cuenta de Instagram que no participar\u00eda en La Onda Fest (California) por observaciones y \u201cprocesos administrativos\u201d\u00a0<\/strong>de la embajada del pa\u00eds vecino a sus visas.<\/p>\n<p>Incluso este mismo jueves la visa de turista del alcalde Jos\u00e9 Luis Dagnino, del municipio de San Felipe, en el estado mexicano de Baja California, fue revocada sin motivo o explicaci\u00f3n, detall\u00f3 en redes sociales el presidente municipal afiliado al Movimiento de Regeneraci\u00f3n Nacional (Morena), el partido gobernante.<\/p>\n<p><strong>Conquistar Colombia y llegar a Espa\u00f1a<\/strong><\/p>\n<p>Durante la conferencia de prensa, \u2018El Flaco\u2019 se mostr\u00f3 animado por su reciente presentaci\u00f3n en Colombia, como invitado del cantante Yeison Jim\u00e9nez, en el estadio de Bogot\u00e1 El Camp\u00edn a la que asistieron m\u00e1s de 40.000 personas.<\/p>\n<p><strong>\u201cEsto me motiv\u00f3 a hacer un disco (&#8230;) Vamos a combinar un poquito la m\u00fasica de Colombia con la mexicana, de barrio, de mariachi que hacemos por ac\u00e1, de norte\u00f1o. Es un disco muy especial para toda la regi\u00f3n de Colombia y Sudam\u00e9rica\u201d<\/strong>, agreg\u00f3.<\/p>\n<p>Y es que para el dos veces nominado al Latin Grammy, este es el camino para interpretar su m\u00fasica en Espa\u00f1a, uno de sus m\u00e1s grandes sue\u00f1os.<\/p>\n<p><strong>\u201cYo tengo un sue\u00f1o bien grande, y es que mi madre vaya a verme a Espa\u00f1a a alg\u00fan evento. La puerta para Europa, hasta cierto punto, es Sudam\u00e9rica, lo s\u00e9 porque mis amigos, como Yeison, Jessie (Uribe), Pipe (Bueno), y todos los artistas del popular colombiano que visitan algunas partes de Europa, especialmente de Espa\u00f1a\u201d<\/strong>, argument\u00f3.<\/p>\n<p>&nbsp;<\/p>\n<p>Fuente: EFE<\/p>\n","protected":false},"excerpt":{"rendered":"<p>El cantante del regional mexicano\u00a0Luis \u00c1ngel Franco, mejor conocido como El Flaco, dijo este jueves que la revocaci\u00f3n de visas de Estados Unidos a los artistas mexicanos\u00a0\u201ces un tema muy vigente\u201d\u00a0y que las agrupaciones desconocen la raz\u00f3n detr\u00e1s de esta decisi\u00f3n que, asegur\u00f3, no les da alegr\u00eda. \u201cEs un tema que ha estado muy vigente, [&hellip;]<\/p>\n","protected":false},"author":2,"featured_media":237502,"comment_status":"closed","ping_status":"closed","sticky":false,"template":"","format":"standard","meta":{"footnotes":""},"categories":[12870,219],"tags":[12865,12875],"class_list":["post-237501","post","type-post","status-publish","format-standard","has-post-thumbnail","hentry","category-destacadas","category-espectaculos","tag-destacadas","tag-espectaculos"],"jetpack_featured_media_url":"https:\/\/rnoticias.com.mx\/Portal\/wp-content\/uploads\/2025\/12\/95c9408de97612dacf540edaf3411b39e5a7c44cw.jpg","amp_enabled":true,"_links":{"self":[{"href":"https:\/\/rnoticias.com.mx\/Portal\/wp-json\/wp\/v2\/posts\/237501","targetHints":{"allow":["GET"]}}],"collection":[{"href":"https:\/\/rnoticias.com.mx\/Portal\/wp-json\/wp\/v2\/posts"}],"about":[{"href":"https:\/\/rnoticias.com.mx\/Portal\/wp-json\/wp\/v2\/types\/post"}],"author":[{"embeddable":true,"href":"https:\/\/rnoticias.com.mx\/Portal\/wp-json\/wp\/v2\/users\/2"}],"replies":[{"embeddable":true,"href":"https:\/\/rnoticias.com.mx\/Portal\/wp-json\/wp\/v2\/comments?post=237501"}],"version-history":[{"count":1,"href":"https:\/\/rnoticias.com.mx\/Portal\/wp-json\/wp\/v2\/posts\/237501\/revisions"}],"predecessor-version":[{"id":237503,"href":"https:\/\/rnoticias.com.mx\/Portal\/wp-json\/wp\/v2\/posts\/237501\/revisions\/237503"}],"wp:featuredmedia":[{"embeddable":true,"href":"https:\/\/rnoticias.com.mx\/Portal\/wp-json\/wp\/v2\/media\/237502"}],"wp:attachment":[{"href":"https:\/\/rnoticias.com.mx\/Portal\/wp-json\/wp\/v2\/media?parent=237501"}],"wp:term":[{"taxonomy":"category","embeddable":true,"href":"https:\/\/rnoticias.com.mx\/Portal\/wp-json\/wp\/v2\/categories?post=237501"},{"taxonomy":"post_tag","embeddable":true,"href":"https:\/\/rnoticias.com.mx\/Portal\/wp-json\/wp\/v2\/tags?post=237501"}],"curies":[{"name":"wp","href":"https:\/\/api.w.org\/{rel}","templated":true}]}}