{"id":237434,"date":"2025-12-05T08:49:41","date_gmt":"2025-12-05T15:49:41","guid":{"rendered":"https:\/\/rnoticias.com.mx\/Portal\/?p=237434"},"modified":"2025-12-05T08:49:41","modified_gmt":"2025-12-05T15:49:41","slug":"fiscalia-de-sonora-localiza-con-vida-a-persona-reportada-como-desaparecida-en-hermosillo","status":"publish","type":"post","link":"https:\/\/rnoticias.com.mx\/Portal\/2025\/12\/05\/fiscalia-de-sonora-localiza-con-vida-a-persona-reportada-como-desaparecida-en-hermosillo\/","title":{"rendered":"Fiscal\u00eda de Sonora localiza con vida a persona reportada como desaparecida en Hermosillo"},"content":{"rendered":"<p>Hermosillo, Sonora, 5 de diciembre de 2025.\u2013 La Fiscal\u00eda General de Justicia del Estado de Sonora (FGJES), a trav\u00e9s de la Agencia Ministerial de Investigaci\u00f3n Criminal (AMIC), informa que fue localizada con vida una persona adulta joven que contaba con reporte de desaparici\u00f3n presentado esta misma semana.<\/p>\n<p>La ubicaci\u00f3n se logr\u00f3 derivado de los actos de investigaci\u00f3n y del seguimiento puntual que se mantiene con los familiares. Durante estas acciones, se obtuvo informaci\u00f3n que permiti\u00f3 establecer su posible paradero, por lo que personal operativo se traslad\u00f3 al sitio se\u00f1alado, un lugar en la v\u00eda p\u00fablica, y confirm\u00f3 que la persona se encontraba en buen estado f\u00edsico y sin indicios de haber sido v\u00edctima de alg\u00fan delito.<\/p>\n<p>De acuerdo con lo manifestado, su ausencia fue voluntaria y obedeci\u00f3 a motivos personales, situaci\u00f3n que ya fue aclarada ante la autoridad ministerial.<\/p>\n<p>La FGJES reconoce la colaboraci\u00f3n de la ciudadan\u00eda y reitera su compromiso de responder de manera inmediata ante cada reporte de desaparici\u00f3n, privilegiando siempre la pronta localizaci\u00f3n y la integridad de las personas.<\/p>\n","protected":false},"excerpt":{"rendered":"<p>Hermosillo, Sonora, 5 de diciembre de 2025.\u2013 La Fiscal\u00eda General de Justicia del Estado de Sonora (FGJES), a trav\u00e9s de la Agencia Ministerial de Investigaci\u00f3n Criminal (AMIC), informa que fue localizada con vida una persona adulta joven que contaba con reporte de desaparici\u00f3n presentado esta misma semana. La ubicaci\u00f3n se logr\u00f3 derivado de los actos [&hellip;]<\/p>\n","protected":false},"author":2,"featured_media":237435,"comment_status":"closed","ping_status":"closed","sticky":false,"template":"","format":"standard","meta":{"footnotes":""},"categories":[12870,178],"tags":[12865,12869],"class_list":["post-237434","post","type-post","status-publish","format-standard","has-post-thumbnail","hentry","category-destacadas","category-local","tag-destacadas","tag-local"],"jetpack_featured_media_url":"https:\/\/rnoticias.com.mx\/Portal\/wp-content\/uploads\/2025\/12\/9cbe2669-69d8-48a8-9a1f-6c820387f678.jpeg","amp_enabled":true,"_links":{"self":[{"href":"https:\/\/rnoticias.com.mx\/Portal\/wp-json\/wp\/v2\/posts\/237434","targetHints":{"allow":["GET"]}}],"collection":[{"href":"https:\/\/rnoticias.com.mx\/Portal\/wp-json\/wp\/v2\/posts"}],"about":[{"href":"https:\/\/rnoticias.com.mx\/Portal\/wp-json\/wp\/v2\/types\/post"}],"author":[{"embeddable":true,"href":"https:\/\/rnoticias.com.mx\/Portal\/wp-json\/wp\/v2\/users\/2"}],"replies":[{"embeddable":true,"href":"https:\/\/rnoticias.com.mx\/Portal\/wp-json\/wp\/v2\/comments?post=237434"}],"version-history":[{"count":1,"href":"https:\/\/rnoticias.com.mx\/Portal\/wp-json\/wp\/v2\/posts\/237434\/revisions"}],"predecessor-version":[{"id":237436,"href":"https:\/\/rnoticias.com.mx\/Portal\/wp-json\/wp\/v2\/posts\/237434\/revisions\/237436"}],"wp:featuredmedia":[{"embeddable":true,"href":"https:\/\/rnoticias.com.mx\/Portal\/wp-json\/wp\/v2\/media\/237435"}],"wp:attachment":[{"href":"https:\/\/rnoticias.com.mx\/Portal\/wp-json\/wp\/v2\/media?parent=237434"}],"wp:term":[{"taxonomy":"category","embeddable":true,"href":"https:\/\/rnoticias.com.mx\/Portal\/wp-json\/wp\/v2\/categories?post=237434"},{"taxonomy":"post_tag","embeddable":true,"href":"https:\/\/rnoticias.com.mx\/Portal\/wp-json\/wp\/v2\/tags?post=237434"}],"curies":[{"name":"wp","href":"https:\/\/api.w.org\/{rel}","templated":true}]}}