{"id":237431,"date":"2025-12-05T08:47:48","date_gmt":"2025-12-05T15:47:48","guid":{"rendered":"https:\/\/rnoticias.com.mx\/Portal\/?p=237431"},"modified":"2025-12-05T08:47:48","modified_gmt":"2025-12-05T15:47:48","slug":"fallece-eduardo-manzano-actor-y-comediante-integrante-de-los-polivoces","status":"publish","type":"post","link":"https:\/\/rnoticias.com.mx\/Portal\/2025\/12\/05\/fallece-eduardo-manzano-actor-y-comediante-integrante-de-los-polivoces\/","title":{"rendered":"Fallece Eduardo Manzano, actor y comediante integrante de &#8220;Los Polivoces&#8221;"},"content":{"rendered":"<p>El actor y comediante\u00a0<strong>Eduardo Manzano<\/strong>, &#8220;El Polivoz&#8221;, falleci\u00f3 a los 87 a\u00f1os, inform\u00f3 su hijo, el actor Lalo Manzano a trav\u00e9s de\u00a0<strong>redes sociales<\/strong>.<\/p>\n<p>Con un emotivo mensaje, Lalo Manzano Jr. escribi\u00f3: &#8220;Hoy el escenario de la vida ha bajado el tel\u00f3n. Mi padre, un comediante querido por miles, y un ser humano admirado por todos los que lo conocieron, ha partido de este mundo. Fue un hombre extraordinario, bondadoso, inteligente y con un coraz\u00f3n tan grande como su talento&#8221;.<\/p>\n<p>Lalo enfatiz\u00f3 que su padre fue un gran trabajador amado y aplaudido por el p\u00fablico que ense\u00f1\u00f3 a re\u00edr a\u00fan en los momentos m\u00e1s dif\u00edciles.<\/p>\n<p>Eduardo Manzano naci\u00f3 el 18 de julio de 1938 en la\u00a0<strong>Ciudad de M\u00e9xico<\/strong>\u00a0y comenz\u00f3 su carrera en la radio y el teatro como imitador de voces, inspirado por figuras como Jos\u00e9 \u00c1ngel Espinoza &#8220;Ferrusquilla&#8221;.<\/p>\n<p>Parte de su trayectoria la form\u00f3 en el\u00a0<strong>cine y televisi\u00f3n<\/strong> con pel\u00edculas como &#8220;Escuela para brujas&#8221; (1990) y &#8220;Yo hice a Roque III&#8221; (1993), y en 2007 interpret\u00f3 a Arnoldo L\u00f3pez en la serie &#8220;Una familia de diez&#8221; junto a Jorge Ortiz de Pinedo.<\/p>\n<div>\n<div><\/div>\n<\/div>\n<p>Fuente: El Universal<\/p>\n","protected":false},"excerpt":{"rendered":"<p>El actor y comediante\u00a0Eduardo Manzano, &#8220;El Polivoz&#8221;, falleci\u00f3 a los 87 a\u00f1os, inform\u00f3 su hijo, el actor Lalo Manzano a trav\u00e9s de\u00a0redes sociales. Con un emotivo mensaje, Lalo Manzano Jr. escribi\u00f3: &#8220;Hoy el escenario de la vida ha bajado el tel\u00f3n. Mi padre, un comediante querido por miles, y un ser humano admirado por todos [&hellip;]<\/p>\n","protected":false},"author":2,"featured_media":237432,"comment_status":"closed","ping_status":"closed","sticky":false,"template":"","format":"standard","meta":{"footnotes":""},"categories":[12870,219],"tags":[12865,12875],"class_list":["post-237431","post","type-post","status-publish","format-standard","has-post-thumbnail","hentry","category-destacadas","category-espectaculos","tag-destacadas","tag-espectaculos"],"jetpack_featured_media_url":"https:\/\/rnoticias.com.mx\/Portal\/wp-content\/uploads\/2025\/12\/descarga-3.jpeg","amp_enabled":true,"_links":{"self":[{"href":"https:\/\/rnoticias.com.mx\/Portal\/wp-json\/wp\/v2\/posts\/237431","targetHints":{"allow":["GET"]}}],"collection":[{"href":"https:\/\/rnoticias.com.mx\/Portal\/wp-json\/wp\/v2\/posts"}],"about":[{"href":"https:\/\/rnoticias.com.mx\/Portal\/wp-json\/wp\/v2\/types\/post"}],"author":[{"embeddable":true,"href":"https:\/\/rnoticias.com.mx\/Portal\/wp-json\/wp\/v2\/users\/2"}],"replies":[{"embeddable":true,"href":"https:\/\/rnoticias.com.mx\/Portal\/wp-json\/wp\/v2\/comments?post=237431"}],"version-history":[{"count":1,"href":"https:\/\/rnoticias.com.mx\/Portal\/wp-json\/wp\/v2\/posts\/237431\/revisions"}],"predecessor-version":[{"id":237433,"href":"https:\/\/rnoticias.com.mx\/Portal\/wp-json\/wp\/v2\/posts\/237431\/revisions\/237433"}],"wp:featuredmedia":[{"embeddable":true,"href":"https:\/\/rnoticias.com.mx\/Portal\/wp-json\/wp\/v2\/media\/237432"}],"wp:attachment":[{"href":"https:\/\/rnoticias.com.mx\/Portal\/wp-json\/wp\/v2\/media?parent=237431"}],"wp:term":[{"taxonomy":"category","embeddable":true,"href":"https:\/\/rnoticias.com.mx\/Portal\/wp-json\/wp\/v2\/categories?post=237431"},{"taxonomy":"post_tag","embeddable":true,"href":"https:\/\/rnoticias.com.mx\/Portal\/wp-json\/wp\/v2\/tags?post=237431"}],"curies":[{"name":"wp","href":"https:\/\/api.w.org\/{rel}","templated":true}]}}