{"id":237360,"date":"2025-12-04T22:17:28","date_gmt":"2025-12-05T05:17:28","guid":{"rendered":"https:\/\/rnoticias.com.mx\/Portal\/?p=237360"},"modified":"2025-12-04T22:17:28","modified_gmt":"2025-12-05T05:17:28","slug":"operativos-tras-capturas-recientes-explicarian-aumento-homicidios-en-hermosillo-comisario","status":"publish","type":"post","link":"https:\/\/rnoticias.com.mx\/Portal\/2025\/12\/04\/operativos-tras-capturas-recientes-explicarian-aumento-homicidios-en-hermosillo-comisario\/","title":{"rendered":"Operativos tras capturas recientes explicar\u00edan aumento homicidios en Hermosillo: Comisario"},"content":{"rendered":"<p>Hermosillo, Sonora. El alza de homicidios registrada en Hermosillo durante octubre y noviembre habr\u00eda sido impulsada por reacciones de grupos criminales tras la detenci\u00f3n de objetivos prioritarios, inform\u00f3 Jes\u00fas Alonso Dur\u00f3n comisario general de la Polic\u00eda Municipal.<\/p>\n<p>&nbsp;<\/p>\n<p>Explic\u00f3, que en ambos meses se aseguraron alrededor de 17 personas consideradas generadoras de violencia, lo que pudo detonar disputas internas y ajustes entre c\u00e9lulas delictivas.<\/p>\n<p>&nbsp;<\/p>\n<p>\u201cLos hechos no se concentraron en una sola zona, sino que se distribuyeron en diferentes sectores de la ciudad, reflejando la tensi\u00f3n derivada de los operativos\u201d, indic\u00f3.<\/p>\n<p>&nbsp;<\/p>\n<p>Ante el incremento, que cerr\u00f3 con m\u00e1s de 20 homicidios dolosos en cada mes, se reforz\u00f3 la vigilancia en cuatro cuadrantes mediante acciones coordinadas con la AMIC, la Guardia Nacional y la Polic\u00eda Estatal, con el fin de contener los ataques y reducir riesgos para la poblaci\u00f3n.<\/p>\n<p>&nbsp;<\/p>\n<p>Cifra:<\/p>\n<p>En el pasado mes de noviembre del 2025 en Hermosillo se registraron 45 homicidios dolosos<\/p>\n<p>&nbsp;<\/p>\n","protected":false},"excerpt":{"rendered":"<p>Hermosillo, Sonora. El alza de homicidios registrada en Hermosillo durante octubre y noviembre habr\u00eda sido impulsada por reacciones de grupos criminales tras la detenci\u00f3n de objetivos prioritarios, inform\u00f3 Jes\u00fas Alonso Dur\u00f3n comisario general de la Polic\u00eda Municipal. &nbsp; Explic\u00f3, que en ambos meses se aseguraron alrededor de 17 personas consideradas generadoras de violencia, lo que [&hellip;]<\/p>\n","protected":false},"author":2,"featured_media":237361,"comment_status":"closed","ping_status":"closed","sticky":false,"template":"","format":"standard","meta":{"footnotes":""},"categories":[12870,178],"tags":[12865,12869],"class_list":["post-237360","post","type-post","status-publish","format-standard","has-post-thumbnail","hentry","category-destacadas","category-local","tag-destacadas","tag-local"],"jetpack_featured_media_url":"https:\/\/rnoticias.com.mx\/Portal\/wp-content\/uploads\/2025\/12\/63dec473-3134-4cad-a4ec-8ecc7be9232f.jpeg","amp_enabled":true,"_links":{"self":[{"href":"https:\/\/rnoticias.com.mx\/Portal\/wp-json\/wp\/v2\/posts\/237360","targetHints":{"allow":["GET"]}}],"collection":[{"href":"https:\/\/rnoticias.com.mx\/Portal\/wp-json\/wp\/v2\/posts"}],"about":[{"href":"https:\/\/rnoticias.com.mx\/Portal\/wp-json\/wp\/v2\/types\/post"}],"author":[{"embeddable":true,"href":"https:\/\/rnoticias.com.mx\/Portal\/wp-json\/wp\/v2\/users\/2"}],"replies":[{"embeddable":true,"href":"https:\/\/rnoticias.com.mx\/Portal\/wp-json\/wp\/v2\/comments?post=237360"}],"version-history":[{"count":1,"href":"https:\/\/rnoticias.com.mx\/Portal\/wp-json\/wp\/v2\/posts\/237360\/revisions"}],"predecessor-version":[{"id":237362,"href":"https:\/\/rnoticias.com.mx\/Portal\/wp-json\/wp\/v2\/posts\/237360\/revisions\/237362"}],"wp:featuredmedia":[{"embeddable":true,"href":"https:\/\/rnoticias.com.mx\/Portal\/wp-json\/wp\/v2\/media\/237361"}],"wp:attachment":[{"href":"https:\/\/rnoticias.com.mx\/Portal\/wp-json\/wp\/v2\/media?parent=237360"}],"wp:term":[{"taxonomy":"category","embeddable":true,"href":"https:\/\/rnoticias.com.mx\/Portal\/wp-json\/wp\/v2\/categories?post=237360"},{"taxonomy":"post_tag","embeddable":true,"href":"https:\/\/rnoticias.com.mx\/Portal\/wp-json\/wp\/v2\/tags?post=237360"}],"curies":[{"name":"wp","href":"https:\/\/api.w.org\/{rel}","templated":true}]}}