{"id":237304,"date":"2025-12-04T14:53:58","date_gmt":"2025-12-04T21:53:58","guid":{"rendered":"https:\/\/rnoticias.com.mx\/Portal\/?p=237304"},"modified":"2025-12-04T14:53:58","modified_gmt":"2025-12-04T21:53:58","slug":"rosalia-regresara-a-mexico-con-su-gira-lux-estos-son-los-estados-donde-se-presentara","status":"publish","type":"post","link":"https:\/\/rnoticias.com.mx\/Portal\/2025\/12\/04\/rosalia-regresara-a-mexico-con-su-gira-lux-estos-son-los-estados-donde-se-presentara\/","title":{"rendered":"Rosal\u00eda regresar\u00e1 a M\u00e9xico con su gira \u2018Lux\u2019; estos son los estados donde se presentar\u00e1"},"content":{"rendered":"<p><strong>Rosal\u00eda<\/strong>\u00a0anunci\u00f3 este jueves las fechas de la esperada\u00a0<strong>gira<\/strong>\u00a0de presentaci\u00f3n de su cuarto disco de estudio, &#8216;Lux&#8217;, que comenzar\u00e1 el 16 de marzo del pr\u00f3ximo a\u00f1o en el LDLC Arena de Lyon (Francia) y que llegar\u00e1 a\u00a0<strong>M\u00e9xico<\/strong>.<\/p>\n<p>Seg\u00fan la p\u00e1gina web oficial de la artista, Rosal\u00eda estar\u00e1 en\u00a0<strong>Guadalajara<\/strong>, el 15 de agosto;\u00a0<strong>Monterrey<\/strong>, el 19 de agosto, y\u00a0<strong>Ciudad de M\u00e9xico<\/strong>\u00a0con dos fechas: 24 y 26 d agosto.<\/p>\n<p>El pr\u00f3ximo 10 de diciembre ser\u00e1 la preventa de boletos, mientras que a partir del 11 de diciembre se realizar\u00e1 la venta general.<\/p>\n<p>La expectaci\u00f3n es m\u00e1xima en torno a esta gira, que viene precedida por el \u00e9xito de\u00a0<strong>Lux<\/strong>, considerado por medios como Rolling Stone como uno de los mejores \u00e1lbumes del a\u00f1o, pues alcanz\u00f3 el n\u00famero uno global en\u00a0<strong>Spotify<\/strong>\u00a0tras su estreno.<\/p>\n<p>&nbsp;<\/p>\n<p>Fuente: EFE<\/p>\n","protected":false},"excerpt":{"rendered":"<p>Rosal\u00eda\u00a0anunci\u00f3 este jueves las fechas de la esperada\u00a0gira\u00a0de presentaci\u00f3n de su cuarto disco de estudio, &#8216;Lux&#8217;, que comenzar\u00e1 el 16 de marzo del pr\u00f3ximo a\u00f1o en el LDLC Arena de Lyon (Francia) y que llegar\u00e1 a\u00a0M\u00e9xico. Seg\u00fan la p\u00e1gina web oficial de la artista, Rosal\u00eda estar\u00e1 en\u00a0Guadalajara, el 15 de agosto;\u00a0Monterrey, el 19 de agosto, [&hellip;]<\/p>\n","protected":false},"author":2,"featured_media":237305,"comment_status":"closed","ping_status":"closed","sticky":false,"template":"","format":"standard","meta":{"footnotes":""},"categories":[12870,219],"tags":[12865,12875],"class_list":["post-237304","post","type-post","status-publish","format-standard","has-post-thumbnail","hentry","category-destacadas","category-espectaculos","tag-destacadas","tag-espectaculos"],"jetpack_featured_media_url":"https:\/\/rnoticias.com.mx\/Portal\/wp-content\/uploads\/2025\/12\/descarga-1.jpeg","amp_enabled":true,"_links":{"self":[{"href":"https:\/\/rnoticias.com.mx\/Portal\/wp-json\/wp\/v2\/posts\/237304","targetHints":{"allow":["GET"]}}],"collection":[{"href":"https:\/\/rnoticias.com.mx\/Portal\/wp-json\/wp\/v2\/posts"}],"about":[{"href":"https:\/\/rnoticias.com.mx\/Portal\/wp-json\/wp\/v2\/types\/post"}],"author":[{"embeddable":true,"href":"https:\/\/rnoticias.com.mx\/Portal\/wp-json\/wp\/v2\/users\/2"}],"replies":[{"embeddable":true,"href":"https:\/\/rnoticias.com.mx\/Portal\/wp-json\/wp\/v2\/comments?post=237304"}],"version-history":[{"count":1,"href":"https:\/\/rnoticias.com.mx\/Portal\/wp-json\/wp\/v2\/posts\/237304\/revisions"}],"predecessor-version":[{"id":237306,"href":"https:\/\/rnoticias.com.mx\/Portal\/wp-json\/wp\/v2\/posts\/237304\/revisions\/237306"}],"wp:featuredmedia":[{"embeddable":true,"href":"https:\/\/rnoticias.com.mx\/Portal\/wp-json\/wp\/v2\/media\/237305"}],"wp:attachment":[{"href":"https:\/\/rnoticias.com.mx\/Portal\/wp-json\/wp\/v2\/media?parent=237304"}],"wp:term":[{"taxonomy":"category","embeddable":true,"href":"https:\/\/rnoticias.com.mx\/Portal\/wp-json\/wp\/v2\/categories?post=237304"},{"taxonomy":"post_tag","embeddable":true,"href":"https:\/\/rnoticias.com.mx\/Portal\/wp-json\/wp\/v2\/tags?post=237304"}],"curies":[{"name":"wp","href":"https:\/\/api.w.org\/{rel}","templated":true}]}}