{"id":237085,"date":"2025-12-02T21:50:38","date_gmt":"2025-12-03T04:50:38","guid":{"rendered":"https:\/\/rnoticias.com.mx\/Portal\/?p=237085"},"modified":"2025-12-02T21:50:38","modified_gmt":"2025-12-03T04:50:38","slug":"claudia-sheinbaum-rompe-el-protocolo-no-asistira-al-mundial-2026","status":"publish","type":"post","link":"https:\/\/rnoticias.com.mx\/Portal\/2025\/12\/02\/claudia-sheinbaum-rompe-el-protocolo-no-asistira-al-mundial-2026\/","title":{"rendered":"Claudia Sheinbaum rompe el protocolo; no asistir\u00e1 al Mundial 2026"},"content":{"rendered":"<p>La Presidenta Claudia Sheinbaum Pardo se pronunci\u00f3 este martes 2 de diciembre sobre su asistencia al sorteo de la Copa FIFA 2026 y a la la inauguraci\u00f3n del Mundial de Futbol el pr\u00f3ximo a\u00f1o. Desde Palacio Nacional, as\u00ed se pronunci\u00f3:<\/p>\n<p><mark><strong>Sheinbaum confirm\u00f3 que no asistir\u00e1 a la inauguraci\u00f3n del Mundial de Futbol FIFA 2026<\/strong><\/mark><strong>, la cual se realizar\u00e1 en el Estadio Banorte el 11 de junio del pr\u00f3ximo a\u00f1o<\/strong>.<\/p>\n<p>La jefa del Ejecutivo federal record\u00f3 que\u00a0<strong>regalar\u00e1 a una ni\u00f1a de escasos recursos el boleto que le entregue la FIFA para la inauguraci\u00f3n<\/strong>.<\/p>\n<p>&#8220;Si usted regala el boleto, \u00bfusted ya no va al Estadio Azteca (Banorte) a la inauguraci\u00f3n?&#8221;, se le pregunt\u00f3 en conferencia de prensa matutina.<\/p>\n<p>&#8220;S\u00ed, no ir\u00eda, as\u00ed es&#8221;, respondi\u00f3.<\/p>\n<p><strong>&#8220;\u00bfNo va?&#8221;<\/strong>, se le insisti\u00f3 en Palacio Nacional.<\/p>\n<p><strong>&#8220;No&#8221;<\/strong>, contest\u00f3.<\/p>\n<h2>\u00bfPor qu\u00e9 Sheinbaum regalar\u00e1 su boleto del Mundial a una ni\u00f1a?<\/h2>\n<p>En el sal\u00f3n Tesorer\u00eda, la Presidenta Claudia Sheinbaum se\u00f1al\u00f3 que tom\u00f3 la decisi\u00f3n de regalar el boleto de la inauguraci\u00f3n del Mundial porque\u00a0<strong>brindar\u00e1 la oportunidad de que est\u00e9 presente en este acto alguien que no tiene la posibilidad econ\u00f3mica de hacerlo<\/strong>.<\/p>\n<p>&#8220;Ya lo hab\u00eda dicho desde hace tiempo. Pienso yo que es la oportunidad para quien no tiene esa oportunidad, y transforma vidas. Entonces, yo lo hab\u00eda tomado esa decisi\u00f3n hace tiempo. Entonces esa fue la decisi\u00f3n&#8221;, declar\u00f3.<\/p>\n<h2>Desconoce si Trump y Carney asistir\u00e1n a la inauguraci\u00f3n<\/h2>\n<p>La Mandataria federal se\u00f1al\u00f3 que\u00a0<strong>todav\u00eda es temprano para saber si a la inauguraci\u00f3n de la justa mundialista estar\u00e1 presente el presidente de Estados Unidos, Donald Trump, y Mark Carney, primer ministro de Canad\u00e1, pa\u00edses que tambi\u00e9n son sedes del Mundial de Futbol<\/strong>.<\/p>\n<p>&#8220;Todav\u00eda no sabemos si van a venir, qui\u00e9nes van a venir, y ya tambi\u00e9n, pues, el trato que le dar\u00edamos, por supuesto, de jefes de Estado, si es que van a visitar nuestros pa\u00edses, pero todav\u00eda<strong>\u00a0es temprano para poder saber qu\u00e9 jefes de Estado vendr\u00edan y qu\u00e9 recepci\u00f3n les har\u00edamos, en fin&#8221;<\/strong>, dijo.<\/p>\n<p>Adem\u00e1s, a tres d\u00edas de que se realice, la Presidenta\u00a0<mark><strong>Claudia Sheinbaum Pardo indic\u00f3 que a\u00fan eval\u00faa si asiste o no, a Washington D.C., al sorteo de la Copa FIFA 2026<\/strong><\/mark>, al cual confirm\u00f3 ayer el presidente de EU, Donald Trump.<\/p>\n<p><strong>&#8220;Todav\u00eda estamos (evaluando), yo creo ma\u00f1ana ya les informamos&#8221;<\/strong>, dijo.<\/p>\n","protected":false},"excerpt":{"rendered":"<p>La Presidenta Claudia Sheinbaum Pardo se pronunci\u00f3 este martes 2 de diciembre sobre su asistencia al sorteo de la Copa FIFA 2026 y a la la inauguraci\u00f3n del Mundial de Futbol el pr\u00f3ximo a\u00f1o. Desde Palacio Nacional, as\u00ed se pronunci\u00f3: Sheinbaum confirm\u00f3 que no asistir\u00e1 a la inauguraci\u00f3n del Mundial de Futbol FIFA 2026, la [&hellip;]<\/p>\n","protected":false},"author":2,"featured_media":237086,"comment_status":"closed","ping_status":"closed","sticky":false,"template":"","format":"standard","meta":{"footnotes":""},"categories":[188,12870],"tags":[5231,12865],"class_list":["post-237085","post","type-post","status-publish","format-standard","has-post-thumbnail","hentry","category-deportes","category-destacadas","tag-deportes","tag-destacadas"],"jetpack_featured_media_url":"https:\/\/rnoticias.com.mx\/Portal\/wp-content\/uploads\/2025\/12\/691cb125e8fc7.jpg","amp_enabled":true,"_links":{"self":[{"href":"https:\/\/rnoticias.com.mx\/Portal\/wp-json\/wp\/v2\/posts\/237085","targetHints":{"allow":["GET"]}}],"collection":[{"href":"https:\/\/rnoticias.com.mx\/Portal\/wp-json\/wp\/v2\/posts"}],"about":[{"href":"https:\/\/rnoticias.com.mx\/Portal\/wp-json\/wp\/v2\/types\/post"}],"author":[{"embeddable":true,"href":"https:\/\/rnoticias.com.mx\/Portal\/wp-json\/wp\/v2\/users\/2"}],"replies":[{"embeddable":true,"href":"https:\/\/rnoticias.com.mx\/Portal\/wp-json\/wp\/v2\/comments?post=237085"}],"version-history":[{"count":1,"href":"https:\/\/rnoticias.com.mx\/Portal\/wp-json\/wp\/v2\/posts\/237085\/revisions"}],"predecessor-version":[{"id":237087,"href":"https:\/\/rnoticias.com.mx\/Portal\/wp-json\/wp\/v2\/posts\/237085\/revisions\/237087"}],"wp:featuredmedia":[{"embeddable":true,"href":"https:\/\/rnoticias.com.mx\/Portal\/wp-json\/wp\/v2\/media\/237086"}],"wp:attachment":[{"href":"https:\/\/rnoticias.com.mx\/Portal\/wp-json\/wp\/v2\/media?parent=237085"}],"wp:term":[{"taxonomy":"category","embeddable":true,"href":"https:\/\/rnoticias.com.mx\/Portal\/wp-json\/wp\/v2\/categories?post=237085"},{"taxonomy":"post_tag","embeddable":true,"href":"https:\/\/rnoticias.com.mx\/Portal\/wp-json\/wp\/v2\/tags?post=237085"}],"curies":[{"name":"wp","href":"https:\/\/api.w.org\/{rel}","templated":true}]}}