{"id":237079,"date":"2025-12-02T21:48:37","date_gmt":"2025-12-03T04:48:37","guid":{"rendered":"https:\/\/rnoticias.com.mx\/Portal\/?p=237079"},"modified":"2025-12-02T21:48:37","modified_gmt":"2025-12-03T04:48:37","slug":"celebra-salud-sonora-premio-nacional-de-antiguedad-2025","status":"publish","type":"post","link":"https:\/\/rnoticias.com.mx\/Portal\/2025\/12\/02\/celebra-salud-sonora-premio-nacional-de-antiguedad-2025\/","title":{"rendered":"Celebra Salud Sonora Premio Nacional de Antig\u00fcedad 2025"},"content":{"rendered":"<p>Hermosillo, Sonora; 2 de diciembre de 2025.\u2014 Con el fin de destacar el compromiso y entrega del personal que ha contribuido al fortalecimiento de la salud p\u00fablica en la entidad, la Secretar\u00eda de Salud, a trav\u00e9s de la Secretar\u00eda de Salud, reconoci\u00f3 a 101 trabajadoras y trabajadores del sector que cumplieron entre 20 y 50 a\u00f1os de servicio, durante una ceremonia realizada en el Teatro Emiliana de Zubeld\u00eda de la Universidad de Sonora.<\/p>\n<p>El secretario de Salud, Jos\u00e9 Luis Alom\u00eda Zegarra, coment\u00f3 que estos reconocimientos son muestra de la constancia y profesionalismo del personal que forma parte de la Secretar\u00eda de Salud P\u00fablica y de los Servicios de Salud de Sonora.<\/p>\n<p>\u201cReconocerles esa capacidad de servicio que en el d\u00eda a d\u00eda ustedes demuestran, que los mantiene en las filas de la instituci\u00f3n y que, gracias al apoyo del Gobierno del Estado, nos permite atender las diferentes necesidades de la poblaci\u00f3n. Finalmente, nuestro objetivo es lograr la mejor salud p\u00fablica, la mejor salud colectiva posible\u201d, expres\u00f3.<\/p>\n<p>Como parte de la ceremonia, el psic\u00f3logo H\u00e9ctor Garc\u00eda Taraz\u00f3n, homenajeado por 50 a\u00f1os de servicio, comparti\u00f3 unas palabras al p\u00fablico.<\/p>\n<p>\u201cHoy no solo me despido de mi trabajo, me despido de una etapa que me ha dado identidad, prop\u00f3sito y orgullo durante estas cinco d\u00e9cadas. He visto cambios, retos, avances, transformaciones\u2026 pero lo m\u00e1s valioso ha sido la gente con la que he caminado cada d\u00eda. Gracias a ustedes, los compa\u00f1eros con los que me ha tocado convivir\u201d, agreg\u00f3.<\/p>\n<p>La Secretar\u00eda de Salud refrend\u00f3 su compromiso de seguir reconociendo la trayectoria y esfuerzo del personal que d\u00eda con d\u00eda contribuye a brindar servicios de calidad, destacando que su trabajo es fundamental para garantizar el bienestar de las y los sonorenses.<\/p>\n","protected":false},"excerpt":{"rendered":"<p>Hermosillo, Sonora; 2 de diciembre de 2025.\u2014 Con el fin de destacar el compromiso y entrega del personal que ha contribuido al fortalecimiento de la salud p\u00fablica en la entidad, la Secretar\u00eda de Salud, a trav\u00e9s de la Secretar\u00eda de Salud, reconoci\u00f3 a 101 trabajadoras y trabajadores del sector que cumplieron entre 20 y 50 [&hellip;]<\/p>\n","protected":false},"author":2,"featured_media":237080,"comment_status":"closed","ping_status":"closed","sticky":false,"template":"","format":"standard","meta":{"footnotes":""},"categories":[12870,178],"tags":[12865,12869],"class_list":["post-237079","post","type-post","status-publish","format-standard","has-post-thumbnail","hentry","category-destacadas","category-local","tag-destacadas","tag-local"],"jetpack_featured_media_url":"https:\/\/rnoticias.com.mx\/Portal\/wp-content\/uploads\/2025\/12\/unnamed-6.jpg","amp_enabled":true,"_links":{"self":[{"href":"https:\/\/rnoticias.com.mx\/Portal\/wp-json\/wp\/v2\/posts\/237079","targetHints":{"allow":["GET"]}}],"collection":[{"href":"https:\/\/rnoticias.com.mx\/Portal\/wp-json\/wp\/v2\/posts"}],"about":[{"href":"https:\/\/rnoticias.com.mx\/Portal\/wp-json\/wp\/v2\/types\/post"}],"author":[{"embeddable":true,"href":"https:\/\/rnoticias.com.mx\/Portal\/wp-json\/wp\/v2\/users\/2"}],"replies":[{"embeddable":true,"href":"https:\/\/rnoticias.com.mx\/Portal\/wp-json\/wp\/v2\/comments?post=237079"}],"version-history":[{"count":1,"href":"https:\/\/rnoticias.com.mx\/Portal\/wp-json\/wp\/v2\/posts\/237079\/revisions"}],"predecessor-version":[{"id":237081,"href":"https:\/\/rnoticias.com.mx\/Portal\/wp-json\/wp\/v2\/posts\/237079\/revisions\/237081"}],"wp:featuredmedia":[{"embeddable":true,"href":"https:\/\/rnoticias.com.mx\/Portal\/wp-json\/wp\/v2\/media\/237080"}],"wp:attachment":[{"href":"https:\/\/rnoticias.com.mx\/Portal\/wp-json\/wp\/v2\/media?parent=237079"}],"wp:term":[{"taxonomy":"category","embeddable":true,"href":"https:\/\/rnoticias.com.mx\/Portal\/wp-json\/wp\/v2\/categories?post=237079"},{"taxonomy":"post_tag","embeddable":true,"href":"https:\/\/rnoticias.com.mx\/Portal\/wp-json\/wp\/v2\/tags?post=237079"}],"curies":[{"name":"wp","href":"https:\/\/api.w.org\/{rel}","templated":true}]}}