{"id":237060,"date":"2025-12-02T16:54:53","date_gmt":"2025-12-02T23:54:53","guid":{"rendered":"https:\/\/rnoticias.com.mx\/Portal\/?p=237060"},"modified":"2025-12-02T16:54:53","modified_gmt":"2025-12-02T23:54:53","slug":"la-navidad-sinfonica-llego-a-hermosillo","status":"publish","type":"post","link":"https:\/\/rnoticias.com.mx\/Portal\/2025\/12\/02\/la-navidad-sinfonica-llego-a-hermosillo\/","title":{"rendered":"\u00a1La Navidad Sinf\u00f3nica lleg\u00f3 a Hermosillo!"},"content":{"rendered":"<p>Hermosillo, Sonora; 2 de diciembre de 2025.\u2014 A trav\u00e9s de la Secretar\u00eda de Educaci\u00f3n y Cultura y el Instituto Sonorense de Cultura, se invita a todas las familias a disfrutar la magia decembrina con Navidad Sinf\u00f3nica, una experiencia musical que celebra la paz y que tendr\u00e1 lugar en el Teatro de la Ciudad de la Casa de la Cultura de Sonora.<\/p>\n<p>La Orquesta Filarm\u00f3nica de Sonora, bajo la direcci\u00f3n de Eduardo Alarc\u00f3n, abrir\u00e1 el ciclo los d\u00edas cuatro y cinco de diciembre a las 20:00 horas con un programa que incluye selecciones de El Cascanueces, as\u00ed como piezas festivas de Prokofiev, Johann Strauss Jr. y Leroy Anderson.<\/p>\n<p>El domingo siete de diciembre, a las 19:00 horas, la Banda Sinf\u00f3nica del Estado de Sonora, dirigida por Renato Zupo, se presentar\u00e1 junto al Coral Ferrales y el Coro Li Cecilio, con un repertorio que re\u00fane tradicionales navide\u00f1os como Sleigh Ride, Carol of the Bells, Noche de Paz y Feliz Navidad.<\/p>\n<p>El ciclo concluir\u00e1 el 11 de diciembre a las 20:00 horas con la Orquesta Juvenil Sinf\u00f3nica de Sonora, dirigida por Omar Nava, que compartir\u00e1 la energ\u00eda y disciplina de las juventudes que fortalecen la vida musical del estado.<\/p>\n<p>Los boletos cuentan con costos de recuperaci\u00f3n de $150 en preventa general, estudiantes y personas adultas mayores, y $200 en taquilla. Est\u00e1n disponibles en\u00a0<a href=\"http:\/\/xticket.mx\/\" target=\"_blank\" rel=\"noopener\" data-saferedirecturl=\"https:\/\/www.google.com\/url?q=http:\/\/xticket.mx&amp;source=gmail&amp;ust=1764789245088000&amp;usg=AOvVaw1qFyWgOeuVfXSJ9GDMmNxd\">xticket.mx<\/a>, as\u00ed como en las oficinas de Xticket, Discos y Novedades, Onda Latina y \u00d3ptica RB en Hermosillo. Lo recaudado ser\u00e1 en beneficio de las agrupaciones participantes.<\/p>\n<p>Invitamos a la comunidad a disfrutar esta temporada a trav\u00e9s del arte, la m\u00fasica y el esp\u00edritu navide\u00f1o que nos une. \u00a1Los esperamos!<\/p>\n<p>Consulta la agenda de actividades culturales de la entidad en\u00a0<a href=\"http:\/\/cultura.sonora.gob.mx\/\" target=\"_blank\" rel=\"noopener\" data-saferedirecturl=\"https:\/\/www.google.com\/url?q=http:\/\/cultura.sonora.gob.mx&amp;source=gmail&amp;ust=1764789245088000&amp;usg=AOvVaw1SNxPoKFD4ov1fza6MQB8c\">cultura.sonora.gob.mx<\/a>\u00a0y en redes sociales a trav\u00e9s de @iscsonora.<\/p>\n","protected":false},"excerpt":{"rendered":"<p>Hermosillo, Sonora; 2 de diciembre de 2025.\u2014 A trav\u00e9s de la Secretar\u00eda de Educaci\u00f3n y Cultura y el Instituto Sonorense de Cultura, se invita a todas las familias a disfrutar la magia decembrina con Navidad Sinf\u00f3nica, una experiencia musical que celebra la paz y que tendr\u00e1 lugar en el Teatro de la Ciudad de la [&hellip;]<\/p>\n","protected":false},"author":2,"featured_media":237061,"comment_status":"closed","ping_status":"closed","sticky":false,"template":"","format":"standard","meta":{"footnotes":""},"categories":[12870,178],"tags":[12865,12869],"class_list":["post-237060","post","type-post","status-publish","format-standard","has-post-thumbnail","hentry","category-destacadas","category-local","tag-destacadas","tag-local"],"jetpack_featured_media_url":"https:\/\/rnoticias.com.mx\/Portal\/wp-content\/uploads\/2025\/12\/unnamed-4.jpg","amp_enabled":true,"_links":{"self":[{"href":"https:\/\/rnoticias.com.mx\/Portal\/wp-json\/wp\/v2\/posts\/237060","targetHints":{"allow":["GET"]}}],"collection":[{"href":"https:\/\/rnoticias.com.mx\/Portal\/wp-json\/wp\/v2\/posts"}],"about":[{"href":"https:\/\/rnoticias.com.mx\/Portal\/wp-json\/wp\/v2\/types\/post"}],"author":[{"embeddable":true,"href":"https:\/\/rnoticias.com.mx\/Portal\/wp-json\/wp\/v2\/users\/2"}],"replies":[{"embeddable":true,"href":"https:\/\/rnoticias.com.mx\/Portal\/wp-json\/wp\/v2\/comments?post=237060"}],"version-history":[{"count":1,"href":"https:\/\/rnoticias.com.mx\/Portal\/wp-json\/wp\/v2\/posts\/237060\/revisions"}],"predecessor-version":[{"id":237062,"href":"https:\/\/rnoticias.com.mx\/Portal\/wp-json\/wp\/v2\/posts\/237060\/revisions\/237062"}],"wp:featuredmedia":[{"embeddable":true,"href":"https:\/\/rnoticias.com.mx\/Portal\/wp-json\/wp\/v2\/media\/237061"}],"wp:attachment":[{"href":"https:\/\/rnoticias.com.mx\/Portal\/wp-json\/wp\/v2\/media?parent=237060"}],"wp:term":[{"taxonomy":"category","embeddable":true,"href":"https:\/\/rnoticias.com.mx\/Portal\/wp-json\/wp\/v2\/categories?post=237060"},{"taxonomy":"post_tag","embeddable":true,"href":"https:\/\/rnoticias.com.mx\/Portal\/wp-json\/wp\/v2\/tags?post=237060"}],"curies":[{"name":"wp","href":"https:\/\/api.w.org\/{rel}","templated":true}]}}