{"id":237053,"date":"2025-12-02T15:56:29","date_gmt":"2025-12-02T22:56:29","guid":{"rendered":"https:\/\/rnoticias.com.mx\/Portal\/?p=237053"},"modified":"2025-12-02T15:56:29","modified_gmt":"2025-12-02T22:56:29","slug":"integra-gobierno-de-sonora-comite-estatal-de-fomento-laboral-penitenciario","status":"publish","type":"post","link":"https:\/\/rnoticias.com.mx\/Portal\/2025\/12\/02\/integra-gobierno-de-sonora-comite-estatal-de-fomento-laboral-penitenciario\/","title":{"rendered":"Integra Gobierno de Sonora Comit\u00e9 Estatal de Fomento Laboral Penitenciario"},"content":{"rendered":"<p>Hermosillo, Sonora; 2 de diciembre de 2025.- Para impulsar el aprendizaje y la inclusi\u00f3n de personas privadas de la libertad en actividades productivas al interior de los Centros de Reinserci\u00f3n Social (Ceresos), el Gobierno de Sonora instal\u00f3 el Comit\u00e9 Estatal de Fomento Laboral Penitenciario.<\/p>\n<p>Por ser el trabajo un pilar esencial que la Secretar\u00eda de Seguridad P\u00fablica (SSP), a trav\u00e9s del Sistema Estatal Penitenciario, promueve entre la poblaci\u00f3n sujeta a internamiento, se integr\u00f3 una red de apoyo conformada por instancias comprometidas, como las secretar\u00edas del Trabajo y Previsi\u00f3n Social, Bienestar, Econom\u00eda y Turismo, as\u00ed como el Instituto de Capacitaci\u00f3n para el Trabajo del Estado de Sonora (Icatson).<\/p>\n<p>La instalaci\u00f3n de este Comit\u00e9 es un paso firme hacia la construcci\u00f3n de un sistema penitenciario que no solo custodie, sino que tambi\u00e9n rehabilite, capacite y ofrezca una verdadera segunda oportunidad a quienes buscan reintegrarse a la sociedad a trav\u00e9s del desempe\u00f1o de un trabajo digno.<\/p>\n<p>Durante la conformaci\u00f3n oficial de este cuerpo colegiado, Braulio Mart\u00ednez Navarrete, secretario de Seguridad P\u00fablica, reconoci\u00f3 la voluntad de quienes encabezan las instituciones involucradas en el fortalecimiento de la industria penitenciaria.<\/p>\n<p>En los Ceresos de Sonora se cuenta con espacios dise\u00f1ados para el desarrollo de actividades como:<\/p>\n<p>\u2022 Carpinter\u00eda<\/p>\n<p>\u2022 Herrer\u00eda<\/p>\n<p>\u2022 Confecci\u00f3n de uniformes<\/p>\n<p>\u2022 Botonera<\/p>\n<p>\u2022 Empaque de cebolla y nopales<\/p>\n<p>Al finalizar la reuni\u00f3n de trabajo, las y los integrantes del Comit\u00e9 Estatal de Fomento Laboral Penitenciario signaron el acuerdo y rindieron protesta.<\/p>\n","protected":false},"excerpt":{"rendered":"<p>Hermosillo, Sonora; 2 de diciembre de 2025.- Para impulsar el aprendizaje y la inclusi\u00f3n de personas privadas de la libertad en actividades productivas al interior de los Centros de Reinserci\u00f3n Social (Ceresos), el Gobierno de Sonora instal\u00f3 el Comit\u00e9 Estatal de Fomento Laboral Penitenciario. Por ser el trabajo un pilar esencial que la Secretar\u00eda de [&hellip;]<\/p>\n","protected":false},"author":2,"featured_media":237054,"comment_status":"closed","ping_status":"closed","sticky":false,"template":"","format":"standard","meta":{"footnotes":""},"categories":[12870,178],"tags":[12865,12869],"class_list":["post-237053","post","type-post","status-publish","format-standard","has-post-thumbnail","hentry","category-destacadas","category-local","tag-destacadas","tag-local"],"jetpack_featured_media_url":"https:\/\/rnoticias.com.mx\/Portal\/wp-content\/uploads\/2025\/12\/3422.jpg","amp_enabled":true,"_links":{"self":[{"href":"https:\/\/rnoticias.com.mx\/Portal\/wp-json\/wp\/v2\/posts\/237053","targetHints":{"allow":["GET"]}}],"collection":[{"href":"https:\/\/rnoticias.com.mx\/Portal\/wp-json\/wp\/v2\/posts"}],"about":[{"href":"https:\/\/rnoticias.com.mx\/Portal\/wp-json\/wp\/v2\/types\/post"}],"author":[{"embeddable":true,"href":"https:\/\/rnoticias.com.mx\/Portal\/wp-json\/wp\/v2\/users\/2"}],"replies":[{"embeddable":true,"href":"https:\/\/rnoticias.com.mx\/Portal\/wp-json\/wp\/v2\/comments?post=237053"}],"version-history":[{"count":1,"href":"https:\/\/rnoticias.com.mx\/Portal\/wp-json\/wp\/v2\/posts\/237053\/revisions"}],"predecessor-version":[{"id":237055,"href":"https:\/\/rnoticias.com.mx\/Portal\/wp-json\/wp\/v2\/posts\/237053\/revisions\/237055"}],"wp:featuredmedia":[{"embeddable":true,"href":"https:\/\/rnoticias.com.mx\/Portal\/wp-json\/wp\/v2\/media\/237054"}],"wp:attachment":[{"href":"https:\/\/rnoticias.com.mx\/Portal\/wp-json\/wp\/v2\/media?parent=237053"}],"wp:term":[{"taxonomy":"category","embeddable":true,"href":"https:\/\/rnoticias.com.mx\/Portal\/wp-json\/wp\/v2\/categories?post=237053"},{"taxonomy":"post_tag","embeddable":true,"href":"https:\/\/rnoticias.com.mx\/Portal\/wp-json\/wp\/v2\/tags?post=237053"}],"curies":[{"name":"wp","href":"https:\/\/api.w.org\/{rel}","templated":true}]}}