{"id":237050,"date":"2025-12-02T15:55:23","date_gmt":"2025-12-02T22:55:23","guid":{"rendered":"https:\/\/rnoticias.com.mx\/Portal\/?p=237050"},"modified":"2025-12-02T15:55:23","modified_gmt":"2025-12-02T22:55:23","slug":"contribuye-uthermosillo-al-fortalecimiento-productivo-de-sonora-con-nuevos-profesionistas","status":"publish","type":"post","link":"https:\/\/rnoticias.com.mx\/Portal\/2025\/12\/02\/contribuye-uthermosillo-al-fortalecimiento-productivo-de-sonora-con-nuevos-profesionistas\/","title":{"rendered":"Contribuye UTHermosillo al fortalecimiento productivo de Sonora con nuevos profesionistas"},"content":{"rendered":"<p>Hermosillo, Sonora; 2 de diciembre de 2025.- Con la culminaci\u00f3n de los estudios universitarios de m\u00e1s de 700 profesionistas, la Universidad Tecnol\u00f3gica de Hermosillo (UTH) contribuye al desarrollo productivo de Sonora en \u00e1reas clave como energ\u00edas renovables, mecatr\u00f3nica, miner\u00eda, manufactura aeron\u00e1utica y tecnolog\u00edas de la informaci\u00f3n, entre otros.<\/p>\n<p>Durante la ceremonia de graduaci\u00f3n de la generaci\u00f3n 2023-2025, se destac\u00f3 el crecimiento personal y profesional de las y los egresados, en campos que han experimentado un gran desarrollo en los \u00faltimos a\u00f1os.<\/p>\n<p>El rector de la UTH, Abel Leyva Castellanos, resalt\u00f3 el importante respaldo del gobernador Alfonso Durazo al sistema educativo estatal, en todos sus niveles, para consolidar a la instituci\u00f3n como un referente en formaci\u00f3n t\u00e9cnica y profesional.<\/p>\n<p>La incorporaci\u00f3n de los nuevos profesionistas, egresados de los 12 programas educativos de la instituci\u00f3n, implica un enriquecimiento significativo de la fuerza laboral a nivel estatal.<\/p>\n<p>Asimismo, declar\u00f3 que el apoyo del Ejecutivo ha sido crucial para impulsar infraestructura, equipamiento y programas acad\u00e9micos que hoy permiten que el alumnado compita al m\u00e1s alto nivel.<\/p>\n<p>Por su parte, Lorenia Valles Sampedro, senadora de la Rep\u00fablica Mexicana, subray\u00f3 que la industria sonorense reconoce la calidad acad\u00e9mica de la UTH, lo que facilita la incorporaci\u00f3n de las y los egresados, a quienes invit\u00f3 a perseguir sus sue\u00f1os, especialmente porque hoy en d\u00eda, bajo el mandato de la presidenta Claudia Sheinbaum Pardo, tanto la ciencia como la tecnolog\u00eda est\u00e1n recibiendo apoyos significativos.<\/p>\n","protected":false},"excerpt":{"rendered":"<p>Hermosillo, Sonora; 2 de diciembre de 2025.- Con la culminaci\u00f3n de los estudios universitarios de m\u00e1s de 700 profesionistas, la Universidad Tecnol\u00f3gica de Hermosillo (UTH) contribuye al desarrollo productivo de Sonora en \u00e1reas clave como energ\u00edas renovables, mecatr\u00f3nica, miner\u00eda, manufactura aeron\u00e1utica y tecnolog\u00edas de la informaci\u00f3n, entre otros. Durante la ceremonia de graduaci\u00f3n de la [&hellip;]<\/p>\n","protected":false},"author":2,"featured_media":237051,"comment_status":"closed","ping_status":"closed","sticky":false,"template":"","format":"standard","meta":{"footnotes":""},"categories":[12870,178],"tags":[12865,12869],"class_list":["post-237050","post","type-post","status-publish","format-standard","has-post-thumbnail","hentry","category-destacadas","category-local","tag-destacadas","tag-local"],"jetpack_featured_media_url":"https:\/\/rnoticias.com.mx\/Portal\/wp-content\/uploads\/2025\/12\/unnamed-1-2.jpg","amp_enabled":true,"_links":{"self":[{"href":"https:\/\/rnoticias.com.mx\/Portal\/wp-json\/wp\/v2\/posts\/237050","targetHints":{"allow":["GET"]}}],"collection":[{"href":"https:\/\/rnoticias.com.mx\/Portal\/wp-json\/wp\/v2\/posts"}],"about":[{"href":"https:\/\/rnoticias.com.mx\/Portal\/wp-json\/wp\/v2\/types\/post"}],"author":[{"embeddable":true,"href":"https:\/\/rnoticias.com.mx\/Portal\/wp-json\/wp\/v2\/users\/2"}],"replies":[{"embeddable":true,"href":"https:\/\/rnoticias.com.mx\/Portal\/wp-json\/wp\/v2\/comments?post=237050"}],"version-history":[{"count":1,"href":"https:\/\/rnoticias.com.mx\/Portal\/wp-json\/wp\/v2\/posts\/237050\/revisions"}],"predecessor-version":[{"id":237052,"href":"https:\/\/rnoticias.com.mx\/Portal\/wp-json\/wp\/v2\/posts\/237050\/revisions\/237052"}],"wp:featuredmedia":[{"embeddable":true,"href":"https:\/\/rnoticias.com.mx\/Portal\/wp-json\/wp\/v2\/media\/237051"}],"wp:attachment":[{"href":"https:\/\/rnoticias.com.mx\/Portal\/wp-json\/wp\/v2\/media?parent=237050"}],"wp:term":[{"taxonomy":"category","embeddable":true,"href":"https:\/\/rnoticias.com.mx\/Portal\/wp-json\/wp\/v2\/categories?post=237050"},{"taxonomy":"post_tag","embeddable":true,"href":"https:\/\/rnoticias.com.mx\/Portal\/wp-json\/wp\/v2\/tags?post=237050"}],"curies":[{"name":"wp","href":"https:\/\/api.w.org\/{rel}","templated":true}]}}