{"id":237044,"date":"2025-12-02T15:26:08","date_gmt":"2025-12-02T22:26:08","guid":{"rendered":"https:\/\/rnoticias.com.mx\/Portal\/?p=237044"},"modified":"2025-12-02T15:26:08","modified_gmt":"2025-12-02T22:26:08","slug":"se-mantiene-abierto-registro-para-pensiones-del-bienestar-en-sonora","status":"publish","type":"post","link":"https:\/\/rnoticias.com.mx\/Portal\/2025\/12\/02\/se-mantiene-abierto-registro-para-pensiones-del-bienestar-en-sonora\/","title":{"rendered":"Se mantiene abierto registro para Pensiones del Bienestar en Sonora"},"content":{"rendered":"<p>Hasta el 13 de diciembre se mantendr\u00e1 activo en Sonora el registro para la Pensi\u00f3n de Adultos Mayores y la Pensi\u00f3n para Mujeres del Bienestar.<\/p>\n<p>&nbsp;<\/p>\n<p>El delegado de la Secretar\u00eda de Bienestar en el estado, Octavio Almada Palafox, inform\u00f3 que podr\u00e1n incorporarse todas las personas que cumplan entre 60 y 64 a\u00f1os en el caso de mujeres, y 65 a\u00f1os o m\u00e1s en el caso de adultos mayores, siempre que el cumplea\u00f1os ocurra durante el mes de diciembre.<\/p>\n<p>&nbsp;<\/p>\n<p>\u201cSi alguien ya cumpli\u00f3 65\u00a0a\u00f1os este el d\u00eda de hoy pues ya va a poder entrar, igual si alguien cumple 65\u00a0a\u00f1os el 31 de diciembre tambi\u00e9n puede entrar, es decir, todos los que cumplan\u00a0a\u00f1os en este mes cumplidos son parte de este programa que se van a registrar\u201d, dijo.<\/p>\n<p>&nbsp;<\/p>\n<p>En el caso de la pensi\u00f3n de mujeres de bienestar\u00a0de 60 a 64, enfatiz\u00f3 que el proceso ser\u00e1 igual, es decir, quien cumpla a\u00f1os en el mes de diciembre, tambi\u00e9n se podr\u00e1n incorporar a esa base de datos estatal<\/p>\n<p>&nbsp;<\/p>\n<p>Para el tr\u00e1mite, detall\u00f3, se habilitaron 95 m\u00f3dulos en el estado, siete de ellos en Hermosillo y los requisitos que las personas deben llevar son \u00fanicamente copias: acta de nacimiento, CURP certificada, identificaci\u00f3n oficial, comprobante de domicilio y un n\u00famero telef\u00f3nico para notificaciones.<\/p>\n<p>&nbsp;<\/p>\n<p>Finalmente, Octavio Almada mencion\u00f3, que en Sonora ya est\u00e1n registradas m\u00e1s de 74 mil mujeres en el programa y m\u00e1s de 300 mil adultos mayores, lo que representa una inversi\u00f3n bimestral superior a 2 mil millones de pesos.<\/p>\n","protected":false},"excerpt":{"rendered":"<p>Hasta el 13 de diciembre se mantendr\u00e1 activo en Sonora el registro para la Pensi\u00f3n de Adultos Mayores y la Pensi\u00f3n para Mujeres del Bienestar. &nbsp; El delegado de la Secretar\u00eda de Bienestar en el estado, Octavio Almada Palafox, inform\u00f3 que podr\u00e1n incorporarse todas las personas que cumplan entre 60 y 64 a\u00f1os en el [&hellip;]<\/p>\n","protected":false},"author":2,"featured_media":237045,"comment_status":"closed","ping_status":"closed","sticky":false,"template":"","format":"standard","meta":{"footnotes":""},"categories":[12870,178],"tags":[12865,12869],"class_list":["post-237044","post","type-post","status-publish","format-standard","has-post-thumbnail","hentry","category-destacadas","category-local","tag-destacadas","tag-local"],"jetpack_featured_media_url":"https:\/\/rnoticias.com.mx\/Portal\/wp-content\/uploads\/2025\/12\/registro_pension_bienestar_diciembre_2025-1.webp","amp_enabled":true,"_links":{"self":[{"href":"https:\/\/rnoticias.com.mx\/Portal\/wp-json\/wp\/v2\/posts\/237044","targetHints":{"allow":["GET"]}}],"collection":[{"href":"https:\/\/rnoticias.com.mx\/Portal\/wp-json\/wp\/v2\/posts"}],"about":[{"href":"https:\/\/rnoticias.com.mx\/Portal\/wp-json\/wp\/v2\/types\/post"}],"author":[{"embeddable":true,"href":"https:\/\/rnoticias.com.mx\/Portal\/wp-json\/wp\/v2\/users\/2"}],"replies":[{"embeddable":true,"href":"https:\/\/rnoticias.com.mx\/Portal\/wp-json\/wp\/v2\/comments?post=237044"}],"version-history":[{"count":1,"href":"https:\/\/rnoticias.com.mx\/Portal\/wp-json\/wp\/v2\/posts\/237044\/revisions"}],"predecessor-version":[{"id":237046,"href":"https:\/\/rnoticias.com.mx\/Portal\/wp-json\/wp\/v2\/posts\/237044\/revisions\/237046"}],"wp:featuredmedia":[{"embeddable":true,"href":"https:\/\/rnoticias.com.mx\/Portal\/wp-json\/wp\/v2\/media\/237045"}],"wp:attachment":[{"href":"https:\/\/rnoticias.com.mx\/Portal\/wp-json\/wp\/v2\/media?parent=237044"}],"wp:term":[{"taxonomy":"category","embeddable":true,"href":"https:\/\/rnoticias.com.mx\/Portal\/wp-json\/wp\/v2\/categories?post=237044"},{"taxonomy":"post_tag","embeddable":true,"href":"https:\/\/rnoticias.com.mx\/Portal\/wp-json\/wp\/v2\/tags?post=237044"}],"curies":[{"name":"wp","href":"https:\/\/api.w.org\/{rel}","templated":true}]}}