{"id":237035,"date":"2025-12-02T14:31:42","date_gmt":"2025-12-02T21:31:42","guid":{"rendered":"https:\/\/rnoticias.com.mx\/Portal\/?p=237035"},"modified":"2025-12-02T14:34:00","modified_gmt":"2025-12-02T21:34:00","slug":"presupuesto-2026-avanza-en-comisiones-del-congreso","status":"publish","type":"post","link":"https:\/\/rnoticias.com.mx\/Portal\/2025\/12\/02\/presupuesto-2026-avanza-en-comisiones-del-congreso\/","title":{"rendered":"Comisiones aprueban proyecto econ\u00f3mico 2026"},"content":{"rendered":"<p data-start=\"172\" data-end=\"577\" data-is-last-node=\"\" data-is-only-node=\"\">El Congreso del Estado aprob\u00f3 en comisiones el Proyecto de Presupuesto de Ingresos y Egresos 2026 enviado por el gobernador Alfonso Durazo.<\/p>\n<p data-start=\"172\" data-end=\"577\" data-is-last-node=\"\" data-is-only-node=\"\">El paquete econ\u00f3mico contempla 92 mil 571 millones de pesos, un incremento de 3.8% respecto al a\u00f1o anterior.<\/p>\n<p data-start=\"172\" data-end=\"577\" data-is-last-node=\"\" data-is-only-node=\"\">El proyecto mantiene un enfoque social, con recursos dirigidos a programas de apoyo, educaci\u00f3n, vivienda, justicia, obras de agua potable e infraestructura.<\/p>\n","protected":false},"excerpt":{"rendered":"<p>El Congreso del Estado aprob\u00f3 en comisiones el Proyecto de Presupuesto de Ingresos y Egresos 2026 enviado por el gobernador Alfonso Durazo. El paquete econ\u00f3mico contempla 92 mil 571 millones de pesos, un incremento de 3.8% respecto al a\u00f1o anterior. El proyecto mantiene un enfoque social, con recursos dirigidos a programas de apoyo, educaci\u00f3n, vivienda, [&hellip;]<\/p>\n","protected":false},"author":2,"featured_media":237037,"comment_status":"closed","ping_status":"closed","sticky":false,"template":"","format":"standard","meta":{"footnotes":""},"categories":[12870,12868],"tags":[12865,12879],"class_list":["post-237035","post","type-post","status-publish","format-standard","has-post-thumbnail","hentry","category-destacadas","category-politica","tag-destacadas","tag-politica"],"jetpack_featured_media_url":"https:\/\/rnoticias.com.mx\/Portal\/wp-content\/uploads\/2025\/12\/f0a49363-c135-4928-a760-30f9a4ead2a3.jpeg","amp_enabled":true,"_links":{"self":[{"href":"https:\/\/rnoticias.com.mx\/Portal\/wp-json\/wp\/v2\/posts\/237035","targetHints":{"allow":["GET"]}}],"collection":[{"href":"https:\/\/rnoticias.com.mx\/Portal\/wp-json\/wp\/v2\/posts"}],"about":[{"href":"https:\/\/rnoticias.com.mx\/Portal\/wp-json\/wp\/v2\/types\/post"}],"author":[{"embeddable":true,"href":"https:\/\/rnoticias.com.mx\/Portal\/wp-json\/wp\/v2\/users\/2"}],"replies":[{"embeddable":true,"href":"https:\/\/rnoticias.com.mx\/Portal\/wp-json\/wp\/v2\/comments?post=237035"}],"version-history":[{"count":2,"href":"https:\/\/rnoticias.com.mx\/Portal\/wp-json\/wp\/v2\/posts\/237035\/revisions"}],"predecessor-version":[{"id":237040,"href":"https:\/\/rnoticias.com.mx\/Portal\/wp-json\/wp\/v2\/posts\/237035\/revisions\/237040"}],"wp:featuredmedia":[{"embeddable":true,"href":"https:\/\/rnoticias.com.mx\/Portal\/wp-json\/wp\/v2\/media\/237037"}],"wp:attachment":[{"href":"https:\/\/rnoticias.com.mx\/Portal\/wp-json\/wp\/v2\/media?parent=237035"}],"wp:term":[{"taxonomy":"category","embeddable":true,"href":"https:\/\/rnoticias.com.mx\/Portal\/wp-json\/wp\/v2\/categories?post=237035"},{"taxonomy":"post_tag","embeddable":true,"href":"https:\/\/rnoticias.com.mx\/Portal\/wp-json\/wp\/v2\/tags?post=237035"}],"curies":[{"name":"wp","href":"https:\/\/api.w.org\/{rel}","templated":true}]}}