{"id":237031,"date":"2025-12-02T14:18:39","date_gmt":"2025-12-02T21:18:39","guid":{"rendered":"https:\/\/rnoticias.com.mx\/Portal\/?p=237031"},"modified":"2025-12-02T14:18:39","modified_gmt":"2025-12-02T21:18:39","slug":"fgjes-obtiene-prision-preventiva-justificada-contra-guillermo-enrique-n-por-privacion-ilegal-de-la-libertad-y-robo-agravado-en-hermosillo","status":"publish","type":"post","link":"https:\/\/rnoticias.com.mx\/Portal\/2025\/12\/02\/fgjes-obtiene-prision-preventiva-justificada-contra-guillermo-enrique-n-por-privacion-ilegal-de-la-libertad-y-robo-agravado-en-hermosillo\/","title":{"rendered":"FGJES obtiene prisi\u00f3n preventiva justificada contra Guillermo Enrique \u201cN\u201d por privaci\u00f3n ilegal de la libertad y robo agravado en Hermosillo"},"content":{"rendered":"<p>Hermosillo, Sonora, 1 de diciembre de 2025.- La Fiscal\u00eda General de Justicia del Estado de Sonora (FGJES) formul\u00f3 imputaci\u00f3n y obtuvo la medida cautelar de prisi\u00f3n preventiva justificada contra Guillermo Enrique \u201cN\u201d, de 34 a\u00f1os, por los delitos de privaci\u00f3n ilegal de la libertad agravada y robo agravado.<\/p>\n<p>La investigaci\u00f3n establece que los hechos ocurrieron en marzo de 2023, cuando el imputado y otro sujeto interceptaron a la v\u00edctima, H\u00e9ctor Francisco \u201cN\u201d, en un taller ubicado en la colonia San Benito donde lo privaron de su libertad al subirlo por la fuerza a un sed\u00e1n negro.<\/p>\n<p>Durante el trayecto, los agresores cuestionaron a la v\u00edctima respecto a una supuesta deuda por la reparaci\u00f3n de un veh\u00edculo, adem\u00e1s, el imputado tom\u00f3 la cartera de la v\u00edctima y sustrajo 11 mil pesos en efectivo, tras avanzar unas cuadras, los sujetos amenazaron a la v\u00edctima con exigirle m\u00e1s dinero posteriormente y lo bajaron del veh\u00edculo a golpes.<\/p>\n<p>Cabe se\u00f1alar que el imputado Guillermo Enrique \u201cN\u201d cuenta con antecedentes penales previos por diversos delitos, incluyendo robo, robo de veh\u00edculo y delitos electorales registrados en los a\u00f1os 2009, 2010, 2014 y 2022.<\/p>\n<p>Con esta acci\u00f3n, la FGJES reitera su compromiso de perseguir y sancionar con rigor los delitos que atentan contra la libertad y el patrimonio de los sonorenses.<\/p>\n","protected":false},"excerpt":{"rendered":"<p>Hermosillo, Sonora, 1 de diciembre de 2025.- La Fiscal\u00eda General de Justicia del Estado de Sonora (FGJES) formul\u00f3 imputaci\u00f3n y obtuvo la medida cautelar de prisi\u00f3n preventiva justificada contra Guillermo Enrique \u201cN\u201d, de 34 a\u00f1os, por los delitos de privaci\u00f3n ilegal de la libertad agravada y robo agravado. La investigaci\u00f3n establece que los hechos ocurrieron [&hellip;]<\/p>\n","protected":false},"author":2,"featured_media":237032,"comment_status":"closed","ping_status":"closed","sticky":false,"template":"","format":"standard","meta":{"footnotes":""},"categories":[12870,178],"tags":[12865,12869],"class_list":["post-237031","post","type-post","status-publish","format-standard","has-post-thumbnail","hentry","category-destacadas","category-local","tag-destacadas","tag-local"],"jetpack_featured_media_url":"https:\/\/rnoticias.com.mx\/Portal\/wp-content\/uploads\/2025\/12\/f83e35c7-cce9-4a2a-95c8-343ba2705c7f.jpeg","amp_enabled":true,"_links":{"self":[{"href":"https:\/\/rnoticias.com.mx\/Portal\/wp-json\/wp\/v2\/posts\/237031","targetHints":{"allow":["GET"]}}],"collection":[{"href":"https:\/\/rnoticias.com.mx\/Portal\/wp-json\/wp\/v2\/posts"}],"about":[{"href":"https:\/\/rnoticias.com.mx\/Portal\/wp-json\/wp\/v2\/types\/post"}],"author":[{"embeddable":true,"href":"https:\/\/rnoticias.com.mx\/Portal\/wp-json\/wp\/v2\/users\/2"}],"replies":[{"embeddable":true,"href":"https:\/\/rnoticias.com.mx\/Portal\/wp-json\/wp\/v2\/comments?post=237031"}],"version-history":[{"count":1,"href":"https:\/\/rnoticias.com.mx\/Portal\/wp-json\/wp\/v2\/posts\/237031\/revisions"}],"predecessor-version":[{"id":237033,"href":"https:\/\/rnoticias.com.mx\/Portal\/wp-json\/wp\/v2\/posts\/237031\/revisions\/237033"}],"wp:featuredmedia":[{"embeddable":true,"href":"https:\/\/rnoticias.com.mx\/Portal\/wp-json\/wp\/v2\/media\/237032"}],"wp:attachment":[{"href":"https:\/\/rnoticias.com.mx\/Portal\/wp-json\/wp\/v2\/media?parent=237031"}],"wp:term":[{"taxonomy":"category","embeddable":true,"href":"https:\/\/rnoticias.com.mx\/Portal\/wp-json\/wp\/v2\/categories?post=237031"},{"taxonomy":"post_tag","embeddable":true,"href":"https:\/\/rnoticias.com.mx\/Portal\/wp-json\/wp\/v2\/tags?post=237031"}],"curies":[{"name":"wp","href":"https:\/\/api.w.org\/{rel}","templated":true}]}}