{"id":237021,"date":"2025-12-02T11:59:19","date_gmt":"2025-12-02T18:59:19","guid":{"rendered":"https:\/\/rnoticias.com.mx\/Portal\/?p=237021"},"modified":"2025-12-02T11:59:19","modified_gmt":"2025-12-02T18:59:19","slug":"ernestina-godoy-en-la-lista-de-los-10-finalistas-para-relevo-en-la-fgr","status":"publish","type":"post","link":"https:\/\/rnoticias.com.mx\/Portal\/2025\/12\/02\/ernestina-godoy-en-la-lista-de-los-10-finalistas-para-relevo-en-la-fgr\/","title":{"rendered":"Ernestina Godoy, en la lista de los 10 finalistas para relevo en la FGR"},"content":{"rendered":"<p>La\u00a0<strong>Junta de Coordinaci\u00f3n Pol\u00edtica<\/strong>\u00a0(Jucopo) del Senado realiz\u00f3 la lista de los\u00a0<strong>10 semifinalistas<\/strong>\u00a0que buscan encabezar la\u00a0<strong>Fiscal\u00eda General de la Rep\u00fablica<\/strong>\u00a0(FGR), tras la renuncia al cargo de\u00a0<strong>Alejandro Gertz Manero<\/strong>.<\/p>\n<p>De acuerdo con la periodista Leticia Robles, quienes avanzaron en el proceso son:<\/p>\n<ul>\n<li><strong>Ernestina Godoy Ramos<\/strong><\/li>\n<li>Hamlet Garc\u00eda Almaguer<\/li>\n<li>Luz Mar\u00eda Zarza Delgado<\/li>\n<li>Maribel Bojorges Beltr\u00e1n<\/li>\n<li>Sandra Luz Gonz\u00e1lez Mogollon<\/li>\n<li>Mirna Luc\u00eda Grande Hern\u00e1ndez<\/li>\n<li>Luis Manuel P\u00e9rez de Acha<\/li>\n<li>Alfredo Barrera Flores<\/li>\n<li>David Borja Padilla<\/li>\n<li>Miguel Nava Alvarado<\/li>\n<\/ul>\n<p>Tras ser aprobada en el Pleno, la lista ser\u00e1 mandada a la Presidencia de la Rep\u00fablica, para que la jefa del Ejecutivo,\u00a0<strong>Claudia Sheinbaum<\/strong>, elija tres perfiles que comparecer\u00e1n ante los legisladores.<\/p>\n<p>Dado que Ernestina Godoy destaca ente los finalistas, se espera que la ahora encargada de despacho de la FGR sea electa, sobretodo porque ha hizo los primeros cambios dentro de la instituci\u00f3n.<\/p>\n<p>&nbsp;<\/p>\n<p>Fuente: pol\u00edtico mx<\/p>\n","protected":false},"excerpt":{"rendered":"<p>La\u00a0Junta de Coordinaci\u00f3n Pol\u00edtica\u00a0(Jucopo) del Senado realiz\u00f3 la lista de los\u00a010 semifinalistas\u00a0que buscan encabezar la\u00a0Fiscal\u00eda General de la Rep\u00fablica\u00a0(FGR), tras la renuncia al cargo de\u00a0Alejandro Gertz Manero. De acuerdo con la periodista Leticia Robles, quienes avanzaron en el proceso son: Ernestina Godoy Ramos Hamlet Garc\u00eda Almaguer Luz Mar\u00eda Zarza Delgado Maribel Bojorges Beltr\u00e1n Sandra Luz [&hellip;]<\/p>\n","protected":false},"author":2,"featured_media":237022,"comment_status":"closed","ping_status":"closed","sticky":false,"template":"","format":"standard","meta":{"footnotes":""},"categories":[12870,12868],"tags":[12865,12879],"class_list":["post-237021","post","type-post","status-publish","format-standard","has-post-thumbnail","hentry","category-destacadas","category-politica","tag-destacadas","tag-politica"],"jetpack_featured_media_url":"https:\/\/rnoticias.com.mx\/Portal\/wp-content\/uploads\/2025\/12\/photo-2025-11-28-15-40-06-1jCDbnljr.webp","amp_enabled":true,"_links":{"self":[{"href":"https:\/\/rnoticias.com.mx\/Portal\/wp-json\/wp\/v2\/posts\/237021","targetHints":{"allow":["GET"]}}],"collection":[{"href":"https:\/\/rnoticias.com.mx\/Portal\/wp-json\/wp\/v2\/posts"}],"about":[{"href":"https:\/\/rnoticias.com.mx\/Portal\/wp-json\/wp\/v2\/types\/post"}],"author":[{"embeddable":true,"href":"https:\/\/rnoticias.com.mx\/Portal\/wp-json\/wp\/v2\/users\/2"}],"replies":[{"embeddable":true,"href":"https:\/\/rnoticias.com.mx\/Portal\/wp-json\/wp\/v2\/comments?post=237021"}],"version-history":[{"count":1,"href":"https:\/\/rnoticias.com.mx\/Portal\/wp-json\/wp\/v2\/posts\/237021\/revisions"}],"predecessor-version":[{"id":237023,"href":"https:\/\/rnoticias.com.mx\/Portal\/wp-json\/wp\/v2\/posts\/237021\/revisions\/237023"}],"wp:featuredmedia":[{"embeddable":true,"href":"https:\/\/rnoticias.com.mx\/Portal\/wp-json\/wp\/v2\/media\/237022"}],"wp:attachment":[{"href":"https:\/\/rnoticias.com.mx\/Portal\/wp-json\/wp\/v2\/media?parent=237021"}],"wp:term":[{"taxonomy":"category","embeddable":true,"href":"https:\/\/rnoticias.com.mx\/Portal\/wp-json\/wp\/v2\/categories?post=237021"},{"taxonomy":"post_tag","embeddable":true,"href":"https:\/\/rnoticias.com.mx\/Portal\/wp-json\/wp\/v2\/tags?post=237021"}],"curies":[{"name":"wp","href":"https:\/\/api.w.org\/{rel}","templated":true}]}}