{"id":236945,"date":"2025-12-01T20:27:45","date_gmt":"2025-12-02T03:27:45","guid":{"rendered":"https:\/\/rnoticias.com.mx\/Portal\/?p=236945"},"modified":"2025-12-01T20:27:45","modified_gmt":"2025-12-02T03:27:45","slug":"kuaan-mani-celebrara-5-anos-de-rescate-y-adopcion-de-perritos-2","status":"publish","type":"post","link":"https:\/\/rnoticias.com.mx\/Portal\/2025\/12\/01\/kuaan-mani-celebrara-5-anos-de-rescate-y-adopcion-de-perritos-2\/","title":{"rendered":"Kuaan Mani celebrar\u00e1 5 a\u00f1os de rescate y adopci\u00f3n de perritos"},"content":{"rendered":"<p>Este 1 de diciembre, Kuaan Mani cumple cinco a\u00f1os desde su creaci\u00f3n, y la celebraci\u00f3n se realizar\u00e1 el 7 de diciembre en el Parque Madero con un Festival.<\/p>\n<p>&nbsp;<\/p>\n<p>Lupita Ure\u00f1a, fundadora de la asociaci\u00f3n, manifest\u00f3 que el objetivo principal del evento es reunir a las familias adoptivas y reencontrarse con los perros rescatados en a\u00f1os anteriores.<\/p>\n<p>&nbsp;<\/p>\n<p>Llevamos 340 perritos rescatados y dados en adopci\u00f3n,\u00a0vamos a ver si llegamos a los 350, no por cumplir una meta vamos a dar los perritos sin el objetivo principal de nosotros,\u00a0pues que sea que queden en buenos adoptantes,\u00a0pero pues es muy posible que lleguemos a los 350 adoptados para esa fecha\u201d, especific\u00f3.<\/p>\n<p>&nbsp;<\/p>\n<p>Durante la feria, indic\u00f3, los asistentes podr\u00e1n disfrutar de regalos y actividades para sus mascotas, incluyendo desparasitaci\u00f3n y vacunaci\u00f3n antirr\u00e1bica a trav\u00e9s del Programa Huellita Segura del Instituto de Bienestar Animal, corte de u\u00f1as por aliados locales, y un stand de fotos para capturar momentos con los perros adoptados.<\/p>\n<p>&nbsp;<\/p>\n<p>Adem\u00e1s, se recibir\u00e1n donativos de alimento para apoyar la labor continua de la organizaci\u00f3n. La comunidad est\u00e1 invitada a participar para el 7 de diciembre a partir de las 3 de la tarde y apoyar esta iniciativa que ha transformado la vida de cientos de perros en la regi\u00f3n.<\/p>\n<p>&nbsp;<\/p>\n<p>&nbsp;<\/p>\n","protected":false},"excerpt":{"rendered":"<p>Este 1 de diciembre, Kuaan Mani cumple cinco a\u00f1os desde su creaci\u00f3n, y la celebraci\u00f3n se realizar\u00e1 el 7 de diciembre en el Parque Madero con un Festival. &nbsp; Lupita Ure\u00f1a, fundadora de la asociaci\u00f3n, manifest\u00f3 que el objetivo principal del evento es reunir a las familias adoptivas y reencontrarse con los perros rescatados en [&hellip;]<\/p>\n","protected":false},"author":2,"featured_media":236946,"comment_status":"closed","ping_status":"closed","sticky":false,"template":"","format":"standard","meta":{"footnotes":""},"categories":[12870,178],"tags":[12865,12869],"class_list":["post-236945","post","type-post","status-publish","format-standard","has-post-thumbnail","hentry","category-destacadas","category-local","tag-destacadas","tag-local"],"jetpack_featured_media_url":"https:\/\/rnoticias.com.mx\/Portal\/wp-content\/uploads\/2025\/12\/kano-76bcb2fd-focus-0-0-750-421.webp","amp_enabled":true,"_links":{"self":[{"href":"https:\/\/rnoticias.com.mx\/Portal\/wp-json\/wp\/v2\/posts\/236945","targetHints":{"allow":["GET"]}}],"collection":[{"href":"https:\/\/rnoticias.com.mx\/Portal\/wp-json\/wp\/v2\/posts"}],"about":[{"href":"https:\/\/rnoticias.com.mx\/Portal\/wp-json\/wp\/v2\/types\/post"}],"author":[{"embeddable":true,"href":"https:\/\/rnoticias.com.mx\/Portal\/wp-json\/wp\/v2\/users\/2"}],"replies":[{"embeddable":true,"href":"https:\/\/rnoticias.com.mx\/Portal\/wp-json\/wp\/v2\/comments?post=236945"}],"version-history":[{"count":1,"href":"https:\/\/rnoticias.com.mx\/Portal\/wp-json\/wp\/v2\/posts\/236945\/revisions"}],"predecessor-version":[{"id":236947,"href":"https:\/\/rnoticias.com.mx\/Portal\/wp-json\/wp\/v2\/posts\/236945\/revisions\/236947"}],"wp:featuredmedia":[{"embeddable":true,"href":"https:\/\/rnoticias.com.mx\/Portal\/wp-json\/wp\/v2\/media\/236946"}],"wp:attachment":[{"href":"https:\/\/rnoticias.com.mx\/Portal\/wp-json\/wp\/v2\/media?parent=236945"}],"wp:term":[{"taxonomy":"category","embeddable":true,"href":"https:\/\/rnoticias.com.mx\/Portal\/wp-json\/wp\/v2\/categories?post=236945"},{"taxonomy":"post_tag","embeddable":true,"href":"https:\/\/rnoticias.com.mx\/Portal\/wp-json\/wp\/v2\/tags?post=236945"}],"curies":[{"name":"wp","href":"https:\/\/api.w.org\/{rel}","templated":true}]}}