{"id":236942,"date":"2025-12-01T20:26:45","date_gmt":"2025-12-02T03:26:45","guid":{"rendered":"https:\/\/rnoticias.com.mx\/Portal\/?p=236942"},"modified":"2025-12-01T20:26:45","modified_gmt":"2025-12-02T03:26:45","slug":"musicos-anticipan-su-mejor-temporada-del-ano-por-posadas-y-eventos","status":"publish","type":"post","link":"https:\/\/rnoticias.com.mx\/Portal\/2025\/12\/01\/musicos-anticipan-su-mejor-temporada-del-ano-por-posadas-y-eventos\/","title":{"rendered":"M\u00fasicos anticipan su mejor temporada del a\u00f1o por posadas y eventos"},"content":{"rendered":"<p>El gremio musical en Hermosillo se prepara para un cierre de a\u00f1o especialmente activo, impulsado por diversas celebraciones que tradicionalmente elevan la demanda de agrupaciones y solistas durante diciembre.<\/p>\n<p>&nbsp;<\/p>\n<p>Carlos Armando Biebrich T\u00e9llez, Secretario General del Sindicato de Trabajo de la M\u00fasica del Municipio CTM, explic\u00f3 que esta temporada representa un repunte significativo para los m\u00fasicos afiliados.<\/p>\n<p>&nbsp;<\/p>\n<p><strong>Pues todos los m\u00fasicos esperamos con muchas ganas de este tiempo en que vienen las posadas, bodas, quince\u00f1eras y todo eso.\u00a0Y pues los m\u00fasicos estamos preparados para ejercer todo el trabajo, contratos que nos lleguen a los grupos musicales de nuestro sindicato\u201d, declar\u00f3.<\/strong><\/p>\n<p>&nbsp;<\/p>\n<p>Detall\u00f3 que, mientras meses como julio, agosto y septiembre registran una baja de hasta 50% en contrataciones, a partir de noviembre la actividad comienza a recuperarse y diciembre llega a consolidarse con un aumento del 100% en trabajo.<\/p>\n<p>&nbsp;<\/p>\n<p>Finalmente, a\u00f1adi\u00f3 que la secci\u00f3n 124 del sindicato nacional se declara lista para atender todos los compromisos generados en estas semanas de mayor movimiento.<\/p>\n<p>&nbsp;<\/p>\n<p>&nbsp;<\/p>\n","protected":false},"excerpt":{"rendered":"<p>El gremio musical en Hermosillo se prepara para un cierre de a\u00f1o especialmente activo, impulsado por diversas celebraciones que tradicionalmente elevan la demanda de agrupaciones y solistas durante diciembre. &nbsp; Carlos Armando Biebrich T\u00e9llez, Secretario General del Sindicato de Trabajo de la M\u00fasica del Municipio CTM, explic\u00f3 que esta temporada representa un repunte significativo para [&hellip;]<\/p>\n","protected":false},"author":2,"featured_media":236943,"comment_status":"closed","ping_status":"closed","sticky":false,"template":"","format":"standard","meta":{"footnotes":""},"categories":[12870,178],"tags":[12865,12869],"class_list":["post-236942","post","type-post","status-publish","format-standard","has-post-thumbnail","hentry","category-destacadas","category-local","tag-destacadas","tag-local"],"jetpack_featured_media_url":"https:\/\/rnoticias.com.mx\/Portal\/wp-content\/uploads\/2025\/12\/Libro_abierto.jpg","amp_enabled":true,"_links":{"self":[{"href":"https:\/\/rnoticias.com.mx\/Portal\/wp-json\/wp\/v2\/posts\/236942","targetHints":{"allow":["GET"]}}],"collection":[{"href":"https:\/\/rnoticias.com.mx\/Portal\/wp-json\/wp\/v2\/posts"}],"about":[{"href":"https:\/\/rnoticias.com.mx\/Portal\/wp-json\/wp\/v2\/types\/post"}],"author":[{"embeddable":true,"href":"https:\/\/rnoticias.com.mx\/Portal\/wp-json\/wp\/v2\/users\/2"}],"replies":[{"embeddable":true,"href":"https:\/\/rnoticias.com.mx\/Portal\/wp-json\/wp\/v2\/comments?post=236942"}],"version-history":[{"count":1,"href":"https:\/\/rnoticias.com.mx\/Portal\/wp-json\/wp\/v2\/posts\/236942\/revisions"}],"predecessor-version":[{"id":236944,"href":"https:\/\/rnoticias.com.mx\/Portal\/wp-json\/wp\/v2\/posts\/236942\/revisions\/236944"}],"wp:featuredmedia":[{"embeddable":true,"href":"https:\/\/rnoticias.com.mx\/Portal\/wp-json\/wp\/v2\/media\/236943"}],"wp:attachment":[{"href":"https:\/\/rnoticias.com.mx\/Portal\/wp-json\/wp\/v2\/media?parent=236942"}],"wp:term":[{"taxonomy":"category","embeddable":true,"href":"https:\/\/rnoticias.com.mx\/Portal\/wp-json\/wp\/v2\/categories?post=236942"},{"taxonomy":"post_tag","embeddable":true,"href":"https:\/\/rnoticias.com.mx\/Portal\/wp-json\/wp\/v2\/tags?post=236942"}],"curies":[{"name":"wp","href":"https:\/\/api.w.org\/{rel}","templated":true}]}}