{"id":236939,"date":"2025-12-01T20:25:00","date_gmt":"2025-12-02T03:25:00","guid":{"rendered":"https:\/\/rnoticias.com.mx\/Portal\/?p=236939"},"modified":"2025-12-01T20:25:00","modified_gmt":"2025-12-02T03:25:00","slug":"comerciantes-del-centro-de-hermosillo-reportan-perdidas-cercanas-a-los-70-millones-a-un-mes-del-incendio-en-waldos","status":"publish","type":"post","link":"https:\/\/rnoticias.com.mx\/Portal\/2025\/12\/01\/comerciantes-del-centro-de-hermosillo-reportan-perdidas-cercanas-a-los-70-millones-a-un-mes-del-incendio-en-waldos\/","title":{"rendered":"Comerciantes del Centro de Hermosillo reportan p\u00e9rdidas cercanas a los 70 millones a un mes del incendio en Waldos"},"content":{"rendered":"<p>Hermosillo, Sonora. A un mes del incendio ocurrido en la tienda Waldos, los comercios establecidos en el centro de Hermosillo registran p\u00e9rdidas econ\u00f3micas superiores a los 67 millones 500 mil pesos, derivadas de una ca\u00edda del 50% en sus ventas.<\/p>\n<p>&nbsp;<\/p>\n<p>Rub\u00e9n L\u00f3pez Peralta, presidente de la Uni\u00f3n de Comerciantes del Centro de Hermosillo, inform\u00f3 que la afectaci\u00f3n se ha extendido a peque\u00f1os y medianos negocios que dependen directamente de la actividad diaria en esta zona comercial.<\/p>\n<p>&nbsp;<\/p>\n<p>\u201cLa tragedia ha puesto en riesgo la estabilidad de cientos de familias que dependen del comercio local. Mientras que grandes cadenas como Waldos y Santori esta \u00faltima con un transformador operando en su bodega de planta alta, se mantienen enfocadas en sus propios intereses, los establecimientos locales han resentido los da\u00f1os de manera inmediata y profunda\u201d, asegur\u00f3.<\/p>\n<p>&nbsp;<\/p>\n<p>De acuerdo con la Uni\u00f3n de Comerciantes, afirm\u00f3, se emprender\u00e1n acciones legales contra Waldos y quien resulte responsable, en cuanto la Fiscal\u00eda concluya las investigaciones.<\/p>\n<p>&nbsp;<\/p>\n<p>Finalmente, hizo un llamado al presidente municipal Antonio Astiazar\u00e1n y al gobernador Alfonso Durazo para que implementen programas de apoyo, capacitaci\u00f3n, agilizaci\u00f3n de tr\u00e1mites y reducci\u00f3n de costos en licencias y permisos.<\/p>\n<p>&nbsp;<\/p>\n<p>\u201cAdem\u00e1s, solicitamos que esta situaci\u00f3n no se convierta en un pretexto recaudatorio ni genere represalias contra quienes han exigido justicia y apoyo para las familias de las 24 v\u00edctimas del siniestro\u201d, concluy\u00f3.<\/p>\n<p>&nbsp;<\/p>\n","protected":false},"excerpt":{"rendered":"<p>Hermosillo, Sonora. A un mes del incendio ocurrido en la tienda Waldos, los comercios establecidos en el centro de Hermosillo registran p\u00e9rdidas econ\u00f3micas superiores a los 67 millones 500 mil pesos, derivadas de una ca\u00edda del 50% en sus ventas. &nbsp; Rub\u00e9n L\u00f3pez Peralta, presidente de la Uni\u00f3n de Comerciantes del Centro de Hermosillo, inform\u00f3 [&hellip;]<\/p>\n","protected":false},"author":2,"featured_media":236940,"comment_status":"closed","ping_status":"closed","sticky":false,"template":"","format":"standard","meta":{"footnotes":""},"categories":[12870,178],"tags":[12865,12869],"class_list":["post-236939","post","type-post","status-publish","format-standard","has-post-thumbnail","hentry","category-destacadas","category-local","tag-destacadas","tag-local"],"jetpack_featured_media_url":"https:\/\/rnoticias.com.mx\/Portal\/wp-content\/uploads\/2025\/12\/288.jpg","amp_enabled":true,"_links":{"self":[{"href":"https:\/\/rnoticias.com.mx\/Portal\/wp-json\/wp\/v2\/posts\/236939","targetHints":{"allow":["GET"]}}],"collection":[{"href":"https:\/\/rnoticias.com.mx\/Portal\/wp-json\/wp\/v2\/posts"}],"about":[{"href":"https:\/\/rnoticias.com.mx\/Portal\/wp-json\/wp\/v2\/types\/post"}],"author":[{"embeddable":true,"href":"https:\/\/rnoticias.com.mx\/Portal\/wp-json\/wp\/v2\/users\/2"}],"replies":[{"embeddable":true,"href":"https:\/\/rnoticias.com.mx\/Portal\/wp-json\/wp\/v2\/comments?post=236939"}],"version-history":[{"count":1,"href":"https:\/\/rnoticias.com.mx\/Portal\/wp-json\/wp\/v2\/posts\/236939\/revisions"}],"predecessor-version":[{"id":236941,"href":"https:\/\/rnoticias.com.mx\/Portal\/wp-json\/wp\/v2\/posts\/236939\/revisions\/236941"}],"wp:featuredmedia":[{"embeddable":true,"href":"https:\/\/rnoticias.com.mx\/Portal\/wp-json\/wp\/v2\/media\/236940"}],"wp:attachment":[{"href":"https:\/\/rnoticias.com.mx\/Portal\/wp-json\/wp\/v2\/media?parent=236939"}],"wp:term":[{"taxonomy":"category","embeddable":true,"href":"https:\/\/rnoticias.com.mx\/Portal\/wp-json\/wp\/v2\/categories?post=236939"},{"taxonomy":"post_tag","embeddable":true,"href":"https:\/\/rnoticias.com.mx\/Portal\/wp-json\/wp\/v2\/tags?post=236939"}],"curies":[{"name":"wp","href":"https:\/\/api.w.org\/{rel}","templated":true}]}}