{"id":236936,"date":"2025-12-01T20:20:27","date_gmt":"2025-12-02T03:20:27","guid":{"rendered":"https:\/\/rnoticias.com.mx\/Portal\/?p=236936"},"modified":"2025-12-01T20:20:27","modified_gmt":"2025-12-02T03:20:27","slug":"volaran-219-buhas-y-buhos-a-seguir-su-formacion-en-otras-universidades-en-2026","status":"publish","type":"post","link":"https:\/\/rnoticias.com.mx\/Portal\/2025\/12\/01\/volaran-219-buhas-y-buhos-a-seguir-su-formacion-en-otras-universidades-en-2026\/","title":{"rendered":"Volar\u00e1n 219 b\u00fahas y b\u00fahos a seguir su formaci\u00f3n en otras universidades en 2026"},"content":{"rendered":"<p>La Universidad de Sonora despidi\u00f3 oficialmente a los integrantes de la generaci\u00f3n 2026-1 del Programa de Movilidad Nacional e Internacional, quienes realizar\u00e1n estancias acad\u00e9micas durante un semestre en diversas instituciones.<\/p>\n<p>Fue la rectora Dena Mar\u00eda Camarena G\u00f3mez quien encabez\u00f3 a los docentes y funcionarios que despidieron a los j\u00f3venes b\u00fahos y comparti\u00f3 con ellos algunas ideas y recomendaciones para que su experiencia sea plena.<\/p>\n<p>Junto al equipo de la Direcci\u00f3n de Apoyo a Estudiantes, a cargo de Jessica Yvette Coronado Verdugo, la rectora acompa\u00f1\u00f3 al grupo de estudiantes para la toma de la fotograf\u00eda oficial en el frontispicio del edificio principal de la universidad.<\/p>\n<p>Los j\u00f3venes b\u00fahos estar\u00e1n presentes en diversos pa\u00edses como Alemania, Argentina, Brasil, Canad\u00e1 \u2014incluida la regi\u00f3n franc\u00f3fona de Quebec\u2014, Chile, Colombia, Corea del Sur, Espa\u00f1a, Estados Unidos, Francia, Inglaterra, Italia, Per\u00fa, Polonia, Taiw\u00e1n y en diversos estados de M\u00e9xico.<\/p>\n<p>De estos pa\u00edses, las universidades que recibir\u00e1n m\u00e1s estudiantes b\u00fahos son la Otto-Von-Guericke Universit\u00e4t Magdeburg, de Alemania, con ocho j\u00f3venes; la Universidad P\u00fablica de M\u00e1laga y la Universidad de Navarra, de Espa\u00f1a, con 10 estudiantes cada una; la Universidad de Las Palmas de Gran Canaria, de ese mismo pa\u00eds, con 11; as\u00ed como la Lodz University of Technology y la Uniwersytet Wroclawski, de Polonia, con 20 y 14, respectivamente.<\/p>\n<p>En M\u00e9xico, las universidades destino con m\u00e1s alumnos son: la Universidad de Guadalajara y la Universidad Nacional Aut\u00f3noma de M\u00e9xico, con 19 cada una; la Universidad Aut\u00f3noma de Puebla, con cinco; la Universidad Aut\u00f3noma de Guadalajara, con tres, al igual que la Universidad de Monterrey; y dos de la Universidad de Chapingo, entre otras.<\/p>\n<p>Generaci\u00f3n 2026-1 Movilidad Saliente Unison<br \/>\nLa subdirectora de Cooperaci\u00f3n, Movilidad e Internacionalizaci\u00f3n, Marisol Delgado Torres, inform\u00f3 que en esta generaci\u00f3n participan 219 estudiantes, de los cuales 162 son de movilidad internacional, en tanto que 57 se dirigir\u00e1n a universidades nacionales.<\/p>\n<p>En este contexto, se\u00f1al\u00f3 que, de los integrantes de este grupo, 155 son mujeres y 64 hombres. Adem\u00e1s, indic\u00f3 que hay representaci\u00f3n de cinco de los seis campus de la universidad: un estudiante de Caborca, 209 de Hermosillo, uno de Navojoa, uno de Nogales y uno m\u00e1s de Santa Ana.<\/p>\n<p>Entre las licenciaturas presentes en esta generaci\u00f3n de Movilidad Saliente Nacional e Internacional destacan Arquitectura, Ingenier\u00eda Industrial y de Sistemas, Ciencias de la Comunicaci\u00f3n, Derecho, Dise\u00f1o Gr\u00e1fico, Mercadotecnia, as\u00ed como Negocios y Comercio Internacionales, cada una con diez o m\u00e1s estudiantes.<\/p>\n<p>Otras carreras son Qu\u00edmico Bi\u00f3logo Cl\u00ednico, Artes Pl\u00e1sticas, Mecatr\u00f3nica, Psicolog\u00eda, Ingenier\u00eda Qu\u00edmica, Artes Esc\u00e9nicas, Biolog\u00eda, Trabajo Social, Literaturas Hisp\u00e1nicas, Ling\u00fc\u00edstica e Ingeniero Agr\u00f3nomo, entre muchas m\u00e1s.<\/p>\n<p>Delgado Torres invit\u00f3 al resto de la comunidad universitaria a mantenerse pendiente de la publicaci\u00f3n de la convocatoria para el semestre 2026-2, as\u00ed como de todas las opciones de intercambio y estancias acad\u00e9micas que ofrece la universidad.<\/p>\n","protected":false},"excerpt":{"rendered":"<p>La Universidad de Sonora despidi\u00f3 oficialmente a los integrantes de la generaci\u00f3n 2026-1 del Programa de Movilidad Nacional e Internacional, quienes realizar\u00e1n estancias acad\u00e9micas durante un semestre en diversas instituciones. Fue la rectora Dena Mar\u00eda Camarena G\u00f3mez quien encabez\u00f3 a los docentes y funcionarios que despidieron a los j\u00f3venes b\u00fahos y comparti\u00f3 con ellos algunas [&hellip;]<\/p>\n","protected":false},"author":2,"featured_media":236937,"comment_status":"closed","ping_status":"closed","sticky":false,"template":"","format":"standard","meta":{"footnotes":""},"categories":[12870,178],"tags":[12865,12869],"class_list":["post-236936","post","type-post","status-publish","format-standard","has-post-thumbnail","hentry","category-destacadas","category-local","tag-destacadas","tag-local"],"jetpack_featured_media_url":"https:\/\/rnoticias.com.mx\/Portal\/wp-content\/uploads\/2025\/12\/Generacion-2026-1-de-Movilidad-Saliente-1.jpg","amp_enabled":true,"_links":{"self":[{"href":"https:\/\/rnoticias.com.mx\/Portal\/wp-json\/wp\/v2\/posts\/236936","targetHints":{"allow":["GET"]}}],"collection":[{"href":"https:\/\/rnoticias.com.mx\/Portal\/wp-json\/wp\/v2\/posts"}],"about":[{"href":"https:\/\/rnoticias.com.mx\/Portal\/wp-json\/wp\/v2\/types\/post"}],"author":[{"embeddable":true,"href":"https:\/\/rnoticias.com.mx\/Portal\/wp-json\/wp\/v2\/users\/2"}],"replies":[{"embeddable":true,"href":"https:\/\/rnoticias.com.mx\/Portal\/wp-json\/wp\/v2\/comments?post=236936"}],"version-history":[{"count":1,"href":"https:\/\/rnoticias.com.mx\/Portal\/wp-json\/wp\/v2\/posts\/236936\/revisions"}],"predecessor-version":[{"id":236938,"href":"https:\/\/rnoticias.com.mx\/Portal\/wp-json\/wp\/v2\/posts\/236936\/revisions\/236938"}],"wp:featuredmedia":[{"embeddable":true,"href":"https:\/\/rnoticias.com.mx\/Portal\/wp-json\/wp\/v2\/media\/236937"}],"wp:attachment":[{"href":"https:\/\/rnoticias.com.mx\/Portal\/wp-json\/wp\/v2\/media?parent=236936"}],"wp:term":[{"taxonomy":"category","embeddable":true,"href":"https:\/\/rnoticias.com.mx\/Portal\/wp-json\/wp\/v2\/categories?post=236936"},{"taxonomy":"post_tag","embeddable":true,"href":"https:\/\/rnoticias.com.mx\/Portal\/wp-json\/wp\/v2\/tags?post=236936"}],"curies":[{"name":"wp","href":"https:\/\/api.w.org\/{rel}","templated":true}]}}