{"id":236930,"date":"2025-12-01T20:13:22","date_gmt":"2025-12-02T03:13:22","guid":{"rendered":"https:\/\/rnoticias.com.mx\/Portal\/?p=236930"},"modified":"2025-12-01T20:13:22","modified_gmt":"2025-12-02T03:13:22","slug":"realizan-jornada-gratuita-de-deteccion-de-cancer-de-piel-en-hermosillo","status":"publish","type":"post","link":"https:\/\/rnoticias.com.mx\/Portal\/2025\/12\/01\/realizan-jornada-gratuita-de-deteccion-de-cancer-de-piel-en-hermosillo\/","title":{"rendered":"Realizan jornada gratuita de detecci\u00f3n de c\u00e1ncer de piel en Hermosillo"},"content":{"rendered":"<p>La Fundaci\u00f3n <em data-start=\"240\" data-end=\"255\">Piel con Vida<\/em> llevar\u00e1 a cabo una jornada de detecci\u00f3n de c\u00e1ncer de piel este martes 2 de diciembre de 2025, dirigida a personas que presenten manchas, lunares o lesiones sospechosas en la piel. La actividad se desarrollar\u00e1 de 9:00 de la ma\u00f1ana a 1:00 de la tarde en el SUM de Medicina de la Universidad de Sonora.<\/p>\n<p data-start=\"557\" data-end=\"883\"><strong data-start=\"572\" data-end=\"634\">Janeth V\u00e1zquez, coordinadora de la Fundaci\u00f3n Piel con Vida<\/strong>, explic\u00f3 que esta jornada tiene como objetivo acercar servicios dermatol\u00f3gicos gratuitos a la comunidad y fomentar la detecci\u00f3n oportuna, pues la mayor\u00eda de los casos de c\u00e1ncer de piel pueden tratarse eficazmente cuando son diagnosticados a tiempo.<\/p>\n<p data-start=\"885\" data-end=\"1113\">Como parte de esta campa\u00f1a, dermat\u00f3logos de la fundaci\u00f3n brindar\u00e1n revisiones especializadas sin costo. Para agilizar la atenci\u00f3n, se invita a la ciudadan\u00eda a agendar consulta previa mediante WhatsApp al n\u00famero <strong data-start=\"1096\" data-end=\"1112\">662 475 8880<\/strong>.<\/p>\n<p data-start=\"1115\" data-end=\"1476\">La coordinadora destac\u00f3 que esta actividad forma parte del programa \u201cPor una piel sana\u201d, con el que buscan generar conciencia sobre el cuidado de la piel y la importancia de revisar cualquier cambio o lesi\u00f3n sospechosa. La jornada cuenta con el apoyo de la Universidad de Sonora, por lo que se prev\u00e9 una amplia participaci\u00f3n de estudiantes y p\u00fablico en general.<\/p>\n","protected":false},"excerpt":{"rendered":"<p>La Fundaci\u00f3n Piel con Vida llevar\u00e1 a cabo una jornada de detecci\u00f3n de c\u00e1ncer de piel este martes 2 de diciembre de 2025, dirigida a personas que presenten manchas, lunares o lesiones sospechosas en la piel. La actividad se desarrollar\u00e1 de 9:00 de la ma\u00f1ana a 1:00 de la tarde en el SUM de Medicina [&hellip;]<\/p>\n","protected":false},"author":2,"featured_media":236931,"comment_status":"closed","ping_status":"closed","sticky":false,"template":"","format":"standard","meta":{"footnotes":""},"categories":[12870,178],"tags":[12865,12869],"class_list":["post-236930","post","type-post","status-publish","format-standard","has-post-thumbnail","hentry","category-destacadas","category-local","tag-destacadas","tag-local"],"jetpack_featured_media_url":"https:\/\/rnoticias.com.mx\/Portal\/wp-content\/uploads\/2025\/12\/3544.jpg","amp_enabled":true,"_links":{"self":[{"href":"https:\/\/rnoticias.com.mx\/Portal\/wp-json\/wp\/v2\/posts\/236930","targetHints":{"allow":["GET"]}}],"collection":[{"href":"https:\/\/rnoticias.com.mx\/Portal\/wp-json\/wp\/v2\/posts"}],"about":[{"href":"https:\/\/rnoticias.com.mx\/Portal\/wp-json\/wp\/v2\/types\/post"}],"author":[{"embeddable":true,"href":"https:\/\/rnoticias.com.mx\/Portal\/wp-json\/wp\/v2\/users\/2"}],"replies":[{"embeddable":true,"href":"https:\/\/rnoticias.com.mx\/Portal\/wp-json\/wp\/v2\/comments?post=236930"}],"version-history":[{"count":1,"href":"https:\/\/rnoticias.com.mx\/Portal\/wp-json\/wp\/v2\/posts\/236930\/revisions"}],"predecessor-version":[{"id":236932,"href":"https:\/\/rnoticias.com.mx\/Portal\/wp-json\/wp\/v2\/posts\/236930\/revisions\/236932"}],"wp:featuredmedia":[{"embeddable":true,"href":"https:\/\/rnoticias.com.mx\/Portal\/wp-json\/wp\/v2\/media\/236931"}],"wp:attachment":[{"href":"https:\/\/rnoticias.com.mx\/Portal\/wp-json\/wp\/v2\/media?parent=236930"}],"wp:term":[{"taxonomy":"category","embeddable":true,"href":"https:\/\/rnoticias.com.mx\/Portal\/wp-json\/wp\/v2\/categories?post=236930"},{"taxonomy":"post_tag","embeddable":true,"href":"https:\/\/rnoticias.com.mx\/Portal\/wp-json\/wp\/v2\/tags?post=236930"}],"curies":[{"name":"wp","href":"https:\/\/api.w.org\/{rel}","templated":true}]}}