{"id":236927,"date":"2025-12-01T20:11:41","date_gmt":"2025-12-02T03:11:41","guid":{"rendered":"https:\/\/rnoticias.com.mx\/Portal\/?p=236927"},"modified":"2025-12-01T20:11:41","modified_gmt":"2025-12-02T03:11:41","slug":"isssteson-capacita-a-quimicos-en-su-dia-con-jornadas-academicas","status":"publish","type":"post","link":"https:\/\/rnoticias.com.mx\/Portal\/2025\/12\/01\/isssteson-capacita-a-quimicos-en-su-dia-con-jornadas-academicas\/","title":{"rendered":"ISSSTESON capacita a qu\u00edmicos en su d\u00eda con jornadas acad\u00e9micas"},"content":{"rendered":"<div><b data-olk-copy-source=\"MessageBody\">Hermosillo, Sonora; 1 de diciembre de 2025.\u2014<\/b>\u00a0Con la \u201cIII Jornada del D\u00eda del Qu\u00edmico Isssteson 2025: Vocaci\u00f3n por la ciencia al servicio de la salud\u201d, el Instituto de Seguridad y Servicios Sociales de los Trabajadores del Estado de Sonora (Isssteson) conmemor\u00f3 el D\u00eda del Qu\u00edmico este 1 de diciembre en Hermosillo, mediante un programa acad\u00e9mico integrado por tres ponencias impartidas por especialistas.<\/p>\n<p>Las conferencias fueron: \u201cVitamina D y menopausia\u201d, a cargo del Q. Joel Garc\u00eda D\u00edaz; \u201cPruebas de amplificaci\u00f3n de \u00e1cidos nucleicos para banco de sangre\u201d, impartida por la Q. Mar\u00eda Goretti Miranda Ayala; y \u201cMonitoreo de paludismo en Sonora como medida para evitar el restablecimiento de la transmisi\u00f3n aut\u00f3ctona\u201d, expuesta por la Mtra. Marcia Leyva Gast\u00e9lum.<\/p>\n<p>El evento se llev\u00f3 a cabo en el sal\u00f3n \u201c15 de Mayo\u201d de la Unidad Social de la Secci\u00f3n 54 del SNTE, y cont\u00f3 con el aval de la Federaci\u00f3n de Qu\u00edmicos de Sonora A.C. y del Colegio de Qu\u00edmicos de Hermosillo A.C., as\u00ed como con la asistencia de profesionistas del \u00e1rea, personal de Isssteson y estudiantes universitarios.<\/p>\n<p>En representaci\u00f3n del director general, Luis Alonso Osuna Cota, el jefe de la Unidad Jur\u00eddica del Instituto, Jes\u00fas Armando Avilez Encinas, dio la bienvenida a las y los asistentes, a quienes exhort\u00f3 a fortalecer la profesi\u00f3n mediante la capacitaci\u00f3n constante y la innovaci\u00f3n cient\u00edfica orientada al bienestar de la poblaci\u00f3n.<\/p>\n<p>Tambi\u00e9n estuvieron presentes Branly Garc\u00eda G\u00f3mez, subdirector administrativo de Isssteson; la Q.B.P. Beatriz Marinz Orrantia Soltero, presidenta de la Federaci\u00f3n de Qu\u00edmicos de Sonora; y el Mtro. Alejandro Molina Chavarr\u00eda, coordinador estatal de Laboratorios de la instituci\u00f3n.<\/p><\/div>\n<div><\/div>\n","protected":false},"excerpt":{"rendered":"<p>Hermosillo, Sonora; 1 de diciembre de 2025.\u2014\u00a0Con la \u201cIII Jornada del D\u00eda del Qu\u00edmico Isssteson 2025: Vocaci\u00f3n por la ciencia al servicio de la salud\u201d, el Instituto de Seguridad y Servicios Sociales de los Trabajadores del Estado de Sonora (Isssteson) conmemor\u00f3 el D\u00eda del Qu\u00edmico este 1 de diciembre en Hermosillo, mediante un programa acad\u00e9mico [&hellip;]<\/p>\n","protected":false},"author":2,"featured_media":236928,"comment_status":"closed","ping_status":"closed","sticky":false,"template":"","format":"standard","meta":{"footnotes":""},"categories":[12870,178],"tags":[12865,12869],"class_list":["post-236927","post","type-post","status-publish","format-standard","has-post-thumbnail","hentry","category-destacadas","category-local","tag-destacadas","tag-local"],"jetpack_featured_media_url":"https:\/\/rnoticias.com.mx\/Portal\/wp-content\/uploads\/2025\/12\/ISSSTESON2025-IIIJornadasDiaDelQuimico-01.jpg","amp_enabled":true,"_links":{"self":[{"href":"https:\/\/rnoticias.com.mx\/Portal\/wp-json\/wp\/v2\/posts\/236927","targetHints":{"allow":["GET"]}}],"collection":[{"href":"https:\/\/rnoticias.com.mx\/Portal\/wp-json\/wp\/v2\/posts"}],"about":[{"href":"https:\/\/rnoticias.com.mx\/Portal\/wp-json\/wp\/v2\/types\/post"}],"author":[{"embeddable":true,"href":"https:\/\/rnoticias.com.mx\/Portal\/wp-json\/wp\/v2\/users\/2"}],"replies":[{"embeddable":true,"href":"https:\/\/rnoticias.com.mx\/Portal\/wp-json\/wp\/v2\/comments?post=236927"}],"version-history":[{"count":1,"href":"https:\/\/rnoticias.com.mx\/Portal\/wp-json\/wp\/v2\/posts\/236927\/revisions"}],"predecessor-version":[{"id":236929,"href":"https:\/\/rnoticias.com.mx\/Portal\/wp-json\/wp\/v2\/posts\/236927\/revisions\/236929"}],"wp:featuredmedia":[{"embeddable":true,"href":"https:\/\/rnoticias.com.mx\/Portal\/wp-json\/wp\/v2\/media\/236928"}],"wp:attachment":[{"href":"https:\/\/rnoticias.com.mx\/Portal\/wp-json\/wp\/v2\/media?parent=236927"}],"wp:term":[{"taxonomy":"category","embeddable":true,"href":"https:\/\/rnoticias.com.mx\/Portal\/wp-json\/wp\/v2\/categories?post=236927"},{"taxonomy":"post_tag","embeddable":true,"href":"https:\/\/rnoticias.com.mx\/Portal\/wp-json\/wp\/v2\/tags?post=236927"}],"curies":[{"name":"wp","href":"https:\/\/api.w.org\/{rel}","templated":true}]}}