{"id":236918,"date":"2025-12-01T17:33:34","date_gmt":"2025-12-02T00:33:34","guid":{"rendered":"https:\/\/rnoticias.com.mx\/Portal\/?p=236918"},"modified":"2025-12-01T17:33:34","modified_gmt":"2025-12-02T00:33:34","slug":"firma-setur-convenio-con-importante-cadena-comercial","status":"publish","type":"post","link":"https:\/\/rnoticias.com.mx\/Portal\/2025\/12\/01\/firma-setur-convenio-con-importante-cadena-comercial\/","title":{"rendered":"Firma SETUR convenio con importante cadena comercial"},"content":{"rendered":"<p>Hermosillo, Sonora; 1 de diciembre de 2025.- Con el objetivo de capacitar y promover relaciones comerciales de productos y servicios locales, la Secretar\u00eda de Econom\u00eda y Turismo (SETUR), llev\u00f3 a cabo la firma de convenio de desarrollo de proveedores con Walmart de M\u00e9xico y Centroam\u00e9rica.<\/p>\n<p>El respaldo del gobernador Alfonso Durazo ha facilitado la integraci\u00f3n de empresas locales a grandes cadenas comerciales, impulsando la compra directa, la sostenibilidad de los emprendimientos y el fortalecimiento de sus marcas. Tan solo en Walmart Supercenter Quiroga, m\u00e1s de 20 PYMES sonorenses ofrecen actualmente m\u00e1s de 120 productos en sus anaqueles f\u00edsicos y digitales.<\/p>\n<p>El secretario de Econom\u00eda y Turismo del Estado, Roberto Gradillas Pineda, destac\u00f3 que este convenio permitir\u00e1 acceder a capacitaciones, programas de desarrollo, difusi\u00f3n de estrategias comerciales, as\u00ed como nuevos mecanismos de vinculaci\u00f3n que eleven los est\u00e1ndares de calidad, log\u00edstica y operaci\u00f3n.<\/p>\n<p>\u201cA esto se refiere nuestro gobernador Alfonso Durazo, cuando habla de trabajo en equipo en beneficio de las familias sonorenses: alcanzar resultados tangibles, s\u00f3lidos y duraderos, que aporten mayores ofertas laborales, oportunidades de expansi\u00f3n y el fortalecimiento de la econom\u00eda regional\u201d, precis\u00f3.<\/p>\n<p>Con estas acciones, la Secretar\u00eda de Econom\u00eda y Turismo, reafirma su compromiso con las MIPYMES, comprometidos a ser un enlace responsable y eficaz con el desarrollo de la cadena comercial local.<\/p>\n","protected":false},"excerpt":{"rendered":"<p>Hermosillo, Sonora; 1 de diciembre de 2025.- Con el objetivo de capacitar y promover relaciones comerciales de productos y servicios locales, la Secretar\u00eda de Econom\u00eda y Turismo (SETUR), llev\u00f3 a cabo la firma de convenio de desarrollo de proveedores con Walmart de M\u00e9xico y Centroam\u00e9rica. El respaldo del gobernador Alfonso Durazo ha facilitado la integraci\u00f3n [&hellip;]<\/p>\n","protected":false},"author":2,"featured_media":236919,"comment_status":"closed","ping_status":"closed","sticky":false,"template":"","format":"standard","meta":{"footnotes":""},"categories":[12870,178],"tags":[12865,12869],"class_list":["post-236918","post","type-post","status-publish","format-standard","has-post-thumbnail","hentry","category-destacadas","category-local","tag-destacadas","tag-local"],"jetpack_featured_media_url":"https:\/\/rnoticias.com.mx\/Portal\/wp-content\/uploads\/2025\/12\/ee.jpg","amp_enabled":true,"_links":{"self":[{"href":"https:\/\/rnoticias.com.mx\/Portal\/wp-json\/wp\/v2\/posts\/236918","targetHints":{"allow":["GET"]}}],"collection":[{"href":"https:\/\/rnoticias.com.mx\/Portal\/wp-json\/wp\/v2\/posts"}],"about":[{"href":"https:\/\/rnoticias.com.mx\/Portal\/wp-json\/wp\/v2\/types\/post"}],"author":[{"embeddable":true,"href":"https:\/\/rnoticias.com.mx\/Portal\/wp-json\/wp\/v2\/users\/2"}],"replies":[{"embeddable":true,"href":"https:\/\/rnoticias.com.mx\/Portal\/wp-json\/wp\/v2\/comments?post=236918"}],"version-history":[{"count":1,"href":"https:\/\/rnoticias.com.mx\/Portal\/wp-json\/wp\/v2\/posts\/236918\/revisions"}],"predecessor-version":[{"id":236920,"href":"https:\/\/rnoticias.com.mx\/Portal\/wp-json\/wp\/v2\/posts\/236918\/revisions\/236920"}],"wp:featuredmedia":[{"embeddable":true,"href":"https:\/\/rnoticias.com.mx\/Portal\/wp-json\/wp\/v2\/media\/236919"}],"wp:attachment":[{"href":"https:\/\/rnoticias.com.mx\/Portal\/wp-json\/wp\/v2\/media?parent=236918"}],"wp:term":[{"taxonomy":"category","embeddable":true,"href":"https:\/\/rnoticias.com.mx\/Portal\/wp-json\/wp\/v2\/categories?post=236918"},{"taxonomy":"post_tag","embeddable":true,"href":"https:\/\/rnoticias.com.mx\/Portal\/wp-json\/wp\/v2\/tags?post=236918"}],"curies":[{"name":"wp","href":"https:\/\/api.w.org\/{rel}","templated":true}]}}