{"id":236876,"date":"2025-12-01T11:08:36","date_gmt":"2025-12-01T18:08:36","guid":{"rendered":"https:\/\/rnoticias.com.mx\/Portal\/?p=236876"},"modified":"2025-12-01T11:08:36","modified_gmt":"2025-12-01T18:08:36","slug":"dua-lipa-canto-antologia-en-show-de-bogota-y-conmueve-a-shakira","status":"publish","type":"post","link":"https:\/\/rnoticias.com.mx\/Portal\/2025\/12\/01\/dua-lipa-canto-antologia-en-show-de-bogota-y-conmueve-a-shakira\/","title":{"rendered":"Dua Lipa cant\u00f3 Antolog\u00eda en show de Bogot\u00e1 y conmueve a Shakira"},"content":{"rendered":"<p>La cantante Dua Lipa contin\u00faa su recorrido por Latinoam\u00e9rica con el\u00a0<i>Radical Optimism Tour<\/i>, una gira que no solo presume de una escenograf\u00eda espectacular, sino que tambi\u00e9n\u00a0<mark><strong>se ha convertido en un puente cultural entre la cantante brit\u00e1nica y cada pa\u00eds que visita.<\/strong><\/mark><\/p>\n<p>Como ya es tradici\u00f3n en sus conciertos, la int\u00e9rprete de &#8220;New Rules&#8221;\u00a0<strong>honra a artistas locales interpretando un cover en su idioma.<\/strong> En Colombia escogi\u00f3 &#8220;Antolog\u00eda&#8221;, uno de los temas m\u00e1s personales de Shakira.<\/p>\n<p>La presentaci\u00f3n ocurri\u00f3 en el Estadio El Camp\u00edn, donde miles de fans colombianos no tardaron en corear cada verso.\u00a0<mark><strong>Los videos se viralizaron en cuesti\u00f3n de minutos, llegando incluso a la misma Shakira.<\/strong><\/mark><\/p>\n<p>Pocas horas despu\u00e9s del concierto, la cantante colombiana comparti\u00f3 un mensaje en sus redes sociales,\u00a0<strong>recordando por qu\u00e9 &#8220;Antolog\u00eda&#8221; es una de las canciones m\u00e1s \u00edntimas de su repertorio.<\/strong><\/p>\n<p>&#8220;Me conmueve mucho escuchar mi canci\u00f3n con la voz de Dua, en la misma ciudad donde la escrib\u00ed hace a\u00f1os.\u00a0<mark><strong>\u00bfVen c\u00f3mo nos une la m\u00fasica? \u00a1Una chica de Londres y otra de Barranquilla!<\/strong><\/mark> \u00a1Gracias Dua Lipa! \u00a1Qu\u00e9 alegr\u00eda!&#8221;.<\/p>\n<p>El mensaje no solo confirm\u00f3 la emoci\u00f3n de Shakira, sino tambi\u00e9n el significado especial que tiene Bogot\u00e1 en la historia de &#8220;Antolog\u00eda&#8221;, tema que compuso all\u00ed y que, d\u00e9cadas despu\u00e9s, contin\u00faa marcando generaciones. Dua Lipa respondi\u00f3 con el mismo cari\u00f1o.<\/p>\n<p><mark><strong>\u201cFue una noche hermosa y me encant\u00f3 cantar tu canci\u00f3n. Te quiero\u201d.<\/strong><\/mark><\/p>\n<div class=\"div-pos-7\"><\/div>\n<h2>Dua Lipa en M\u00e9xico: \u00bfa qui\u00e9n rendir\u00e1 homenaje?<\/h2>\n<p>La elecci\u00f3n de &#8220;Antolog\u00eda&#8221; no fue casual. Desde Argentina hasta Per\u00fa,\u00a0<mark><strong>Dua ha construido una colecci\u00f3n de homenajes a artistas locales en cada parada de su tour.<\/strong><\/mark><\/p>\n<ul>\n<li><strong>Argentina (7 y 8 de noviembre):<\/strong>\u00a0&#8220;De m\u00fasica ligera&#8221; (Soda Stereo) y &#8220;Tu misterioso alguien&#8221; (Miranda!).<\/li>\n<li><strong>Chile (11 y 12 de noviembre):\u00a0<\/strong>&#8220;Tu falta de querer&#8221; (Mon Laferte) y &#8220;El duelo&#8221; (La Ley).<\/li>\n<li><strong>Brasil (15 y 22 de noviembre):<\/strong>\u00a0&#8220;Magalenha&#8221;, &#8220;Margarida Perfumada&#8221; y &#8220;Mas que nada&#8221;.<\/li>\n<li><strong>Per\u00fa (25 de noviembre):\u00a0<\/strong>&#8220;Cari\u00f1ito&#8221;, acompa\u00f1ada por Mauricio Mesones.<\/li>\n<li><strong>Colombia (28 de noviembre):<\/strong>\u00a0&#8220;Antolog\u00eda&#8221;, el tributo m\u00e1s viral de la gira.<\/li>\n<\/ul>\n<p><strong>Dua Lipa llegar\u00e1 a la Ciudad de M\u00e9xico para presentarse el 1, 2 y 5 de diciembre en el Estadio GNP Seguros.<\/strong>\u00a0Como en cada pa\u00eds ha sorprendido con un cover local, las apuestas ya est\u00e1n encendidas en redes sociales.\u00a0<mark><strong>Muchos especulan que podr\u00eda cantar \u201cQuerida\u201d del divo de Ju\u00e1rez, Juan Gabriel<\/strong><\/mark>, pero pronto podremos confirmarlo por nuestra propia cuenta.<\/p>\n<p>Mientras tanto, los fans se preparan para un show dividido en cinco actos, con escenograf\u00eda inspirada en el mar, vestuarios de alta costura y un repertorio que recorre toda su carrera.<\/p>\n","protected":false},"excerpt":{"rendered":"<p>La cantante Dua Lipa contin\u00faa su recorrido por Latinoam\u00e9rica con el\u00a0Radical Optimism Tour, una gira que no solo presume de una escenograf\u00eda espectacular, sino que tambi\u00e9n\u00a0se ha convertido en un puente cultural entre la cantante brit\u00e1nica y cada pa\u00eds que visita. Como ya es tradici\u00f3n en sus conciertos, la int\u00e9rprete de &#8220;New Rules&#8221;\u00a0honra a artistas [&hellip;]<\/p>\n","protected":false},"author":2,"featured_media":236877,"comment_status":"closed","ping_status":"closed","sticky":false,"template":"","format":"standard","meta":{"footnotes":""},"categories":[12870,219],"tags":[12865,12875],"class_list":["post-236876","post","type-post","status-publish","format-standard","has-post-thumbnail","hentry","category-destacadas","category-espectaculos","tag-destacadas","tag-espectaculos"],"jetpack_featured_media_url":"https:\/\/rnoticias.com.mx\/Portal\/wp-content\/uploads\/2025\/12\/dua-lipa-canta-antologia-shakira-en-colombia-concierto-bogota.png_1077558549.webp","amp_enabled":true,"_links":{"self":[{"href":"https:\/\/rnoticias.com.mx\/Portal\/wp-json\/wp\/v2\/posts\/236876","targetHints":{"allow":["GET"]}}],"collection":[{"href":"https:\/\/rnoticias.com.mx\/Portal\/wp-json\/wp\/v2\/posts"}],"about":[{"href":"https:\/\/rnoticias.com.mx\/Portal\/wp-json\/wp\/v2\/types\/post"}],"author":[{"embeddable":true,"href":"https:\/\/rnoticias.com.mx\/Portal\/wp-json\/wp\/v2\/users\/2"}],"replies":[{"embeddable":true,"href":"https:\/\/rnoticias.com.mx\/Portal\/wp-json\/wp\/v2\/comments?post=236876"}],"version-history":[{"count":1,"href":"https:\/\/rnoticias.com.mx\/Portal\/wp-json\/wp\/v2\/posts\/236876\/revisions"}],"predecessor-version":[{"id":236878,"href":"https:\/\/rnoticias.com.mx\/Portal\/wp-json\/wp\/v2\/posts\/236876\/revisions\/236878"}],"wp:featuredmedia":[{"embeddable":true,"href":"https:\/\/rnoticias.com.mx\/Portal\/wp-json\/wp\/v2\/media\/236877"}],"wp:attachment":[{"href":"https:\/\/rnoticias.com.mx\/Portal\/wp-json\/wp\/v2\/media?parent=236876"}],"wp:term":[{"taxonomy":"category","embeddable":true,"href":"https:\/\/rnoticias.com.mx\/Portal\/wp-json\/wp\/v2\/categories?post=236876"},{"taxonomy":"post_tag","embeddable":true,"href":"https:\/\/rnoticias.com.mx\/Portal\/wp-json\/wp\/v2\/tags?post=236876"}],"curies":[{"name":"wp","href":"https:\/\/api.w.org\/{rel}","templated":true}]}}