{"id":236855,"date":"2025-12-01T10:11:28","date_gmt":"2025-12-01T17:11:28","guid":{"rendered":"https:\/\/rnoticias.com.mx\/Portal\/?p=236855"},"modified":"2025-12-01T10:11:28","modified_gmt":"2025-12-01T17:11:28","slug":"cuando-tu-cerebro-crece-pero-tu-craneo-no-esta-es-la-rara-enfermedad-que-afecta-a-bebe-sonorense","status":"publish","type":"post","link":"https:\/\/rnoticias.com.mx\/Portal\/2025\/12\/01\/cuando-tu-cerebro-crece-pero-tu-craneo-no-esta-es-la-rara-enfermedad-que-afecta-a-bebe-sonorense\/","title":{"rendered":"Cuando tu cerebro crece, pero tu cr\u00e1neo no: Esta es la rara enfermedad que afecta a beb\u00e9 sonorense"},"content":{"rendered":"<p><strong>Jared <\/strong>es un peque\u00f1o sonorense de apenas<strong> seis meses de edad <\/strong>que desde sus primeros d\u00edas de crecimiento mostr\u00f3 se\u00f1ales de que algo no iba bien. <strong>Su rostro ten\u00eda algunas irregularidades <\/strong>y sus padres buscaron orientaci\u00f3n de inmediato. El diagn\u00f3stico no lleg\u00f3 r\u00e1pido, pero fue alarmante: craneosinostosis unilateral, una condici\u00f3n que impide que un hemisferio de su cabeza crezca.<\/p>\n<p>Esta afecci\u00f3n ocurre cuando las suturas del cr\u00e1neo \u2014las uniones flexibles entre los huesos\u2014 <strong>se cierran prematuramente<\/strong>, impidiendo que la cabeza crezca de manera adecuada. En el caso de Jared se afectar\u00eda severamente el desarrollo normal de su cerebro sin la intervenci\u00f3n adecuada.<\/p>\n<p>Los m\u00e9dicos que atienden al beb\u00e9 sonorense<strong> han determinado que una cirug\u00eda de cr\u00e1neo es necesaria<\/strong> y debe realizarse pronto para dar espacio al crecimiento cerebral del beb\u00e9.<\/p>\n<p>Se trata de una operaci\u00f3n especializada que representa un reto emocional, pero sobre todo financiero para esta familia, es por ello que ha decidido sumar a sus conocidos y amigos a trav\u00e9s de una colecta solidaria en GoFundMe llamada<a href=\"https:\/\/gofund.me\/ccc64fe14\"><strong><em> \u201cCraneotom\u00eda para baby Jared\u201d<\/em><\/strong><\/a><strong><em>. <\/em><\/strong><\/p>\n<p>Ellos necesitan reunir 400 mil pesos y hasta ahora han reunido casi el 50% de la meta, lo que <strong>les permiti\u00f3 agendar la cirug\u00eda<\/strong>, a realizarse el pr\u00f3ximo 12 de diciembre.<\/p>\n<p>\u201cNo podemos expresa<strong>r lo agradecidos que nos sentimos por su incre\u00edble generosidad<\/strong>, hasta el momento todo va en marcha y estamos esperando instrucciones del m\u00e9dico\u201d, fue la respuesta de Dazil Barrera, organizadora de la campa\u00f1a, para los donantes.<\/p>\n<p><strong>Consecuencias de no actuar a tiempo<\/strong><\/p>\n<p>Seg\u00fan la Cl\u00ednica Mayo, si la craneosinostosis no se trata oportunamente, puede generar complicaciones graves que van m\u00e1s all\u00e1 de los cambios f\u00edsicos en la forma de la cabeza y el rostro.<\/p>\n<p>El principal riesgo es el aumento de la presi\u00f3n intracraneal, que puede provocar<strong> retrasos en el desarrollo, problemas cognitivos, dificultades de aprendizaje, dolores de cabeza cr\u00f3nicos e incluso ceguera y convulsiones <\/strong>en casos severos.<\/p>\n<p>La intervenci\u00f3n quir\u00fargica busca prevenir estas complicaciones al permitir que el cerebro de Jared crezca sin restricciones.<\/p>\n<p><strong>La ayuda nunca est\u00e1 de m\u00e1s <\/strong><\/p>\n<p>La cirug\u00eda es solo el primer paso de la recuperaci\u00f3n de Jared. Los cuidados despu\u00e9s de la intervenci\u00f3n<strong> ser\u00e1n cruciales para garantizar su mejor\u00eda<\/strong> y posteriormente necesitar\u00e1 terapias para completar su tratamiento.<\/p>\n<p>Cada paso implica elevados costos, por eso, seguir compartiendo su historia o donando le dar\u00e1n a la familia<strong> la capacidad de enfocarse en la recuperaci\u00f3n del peque\u00f1o sin preocuparse por el costo. <\/strong><\/p>\n<p>Conoce la historia m\u00e1s de cerca y s\u00famate con aportaciones, compartiendo o dejando alguna palabra de aliento: <a href=\"https:\/\/gofund.me\/ccc64fe14\">https:\/\/gofund.me\/ccc64fe14<\/a><\/p>\n","protected":false},"excerpt":{"rendered":"<p>Jared es un peque\u00f1o sonorense de apenas seis meses de edad que desde sus primeros d\u00edas de crecimiento mostr\u00f3 se\u00f1ales de que algo no iba bien. Su rostro ten\u00eda algunas irregularidades y sus padres buscaron orientaci\u00f3n de inmediato. El diagn\u00f3stico no lleg\u00f3 r\u00e1pido, pero fue alarmante: craneosinostosis unilateral, una condici\u00f3n que impide que un hemisferio [&hellip;]<\/p>\n","protected":false},"author":2,"featured_media":236856,"comment_status":"closed","ping_status":"closed","sticky":false,"template":"","format":"standard","meta":{"footnotes":""},"categories":[12870,178],"tags":[12865,12869],"class_list":["post-236855","post","type-post","status-publish","format-standard","has-post-thumbnail","hentry","category-destacadas","category-local","tag-destacadas","tag-local"],"jetpack_featured_media_url":"https:\/\/rnoticias.com.mx\/Portal\/wp-content\/uploads\/2025\/12\/a82eaa87-75b8-40a4-81ca-2ff9a6333d8b.jpeg","amp_enabled":true,"_links":{"self":[{"href":"https:\/\/rnoticias.com.mx\/Portal\/wp-json\/wp\/v2\/posts\/236855","targetHints":{"allow":["GET"]}}],"collection":[{"href":"https:\/\/rnoticias.com.mx\/Portal\/wp-json\/wp\/v2\/posts"}],"about":[{"href":"https:\/\/rnoticias.com.mx\/Portal\/wp-json\/wp\/v2\/types\/post"}],"author":[{"embeddable":true,"href":"https:\/\/rnoticias.com.mx\/Portal\/wp-json\/wp\/v2\/users\/2"}],"replies":[{"embeddable":true,"href":"https:\/\/rnoticias.com.mx\/Portal\/wp-json\/wp\/v2\/comments?post=236855"}],"version-history":[{"count":1,"href":"https:\/\/rnoticias.com.mx\/Portal\/wp-json\/wp\/v2\/posts\/236855\/revisions"}],"predecessor-version":[{"id":236857,"href":"https:\/\/rnoticias.com.mx\/Portal\/wp-json\/wp\/v2\/posts\/236855\/revisions\/236857"}],"wp:featuredmedia":[{"embeddable":true,"href":"https:\/\/rnoticias.com.mx\/Portal\/wp-json\/wp\/v2\/media\/236856"}],"wp:attachment":[{"href":"https:\/\/rnoticias.com.mx\/Portal\/wp-json\/wp\/v2\/media?parent=236855"}],"wp:term":[{"taxonomy":"category","embeddable":true,"href":"https:\/\/rnoticias.com.mx\/Portal\/wp-json\/wp\/v2\/categories?post=236855"},{"taxonomy":"post_tag","embeddable":true,"href":"https:\/\/rnoticias.com.mx\/Portal\/wp-json\/wp\/v2\/tags?post=236855"}],"curies":[{"name":"wp","href":"https:\/\/api.w.org\/{rel}","templated":true}]}}